{"id":9361,"date":"2024-01-17T07:15:20","date_gmt":"2024-01-17T07:15:20","guid":{"rendered":"https:\/\/veracruzanadecine.com\/inicio\/?p=9361"},"modified":"2024-01-22T15:06:59","modified_gmt":"2024-01-22T15:06:59","slug":"diplomado-en-fotografia-2024","status":"publish","type":"post","link":"https:\/\/veracruzanadecine.com\/inicio\/diplomado-en-fotografia-2024\/","title":{"rendered":"Diplomado en Fotograf\u00eda 2024"},"content":{"rendered":"<p style=\"text-align: center;\">[spb_text_block animation=\u00bbnone\u00bb animation_delay=\u00bb0&#8243; padding_vertical=\u00bb0&#8243; padding_horizontal=\u00bb8&#8243; width=\u00bb1\/1&#8243; el_position=\u00bbfirst last\u00bb]\n<p class=\"p1\"><strong><span class=\"s1\"><span style=\"color: #00c5c5;\">INICIO <\/span>24 de febrero de 2024<br \/>\n<span style=\"color: #00c5c5;\">FIN <\/span>10 de agosto de 2024<span style=\"color: #00c5c5;\"><br \/>\nDURACI\u00d3N<\/span>\u00a06 meses (24 sesiones, 144<\/span>\u00a0horas totales)<br \/>\n<span style=\"color: #00c5c5;\">SESIONES<\/span> PRESENCIALES CON CUPO LIMITADO<\/strong><br \/>\n<strong><span class=\"s1\"><span style=\"color: #00c5c5;\">HORARIO <\/span>\u00a0s\u00e1bados de 9 a 15 hr<\/span>s.<\/strong><br \/>\n<strong><span style=\"color: #00c5c5;\">INSCRIPCI\u00d3N<\/span>\u00a0\u00a0<span class=\"s2\">$850.00<br \/>\n<span style=\"color: #00c5c5;\"><b>PAGO ADELANTADO <\/b><\/span><b>$500<\/b>.00 (hasta el 10 de febrero 2024)<br \/>\n<span style=\"color: #00c5c5;\"><b>MENSUALIDAD\u00a0<\/b><\/span><b>$1900<\/b>.00<br \/>\n<span style=\"color: #00c5c5;\"><b>FECHA L\u00cdMITE DE INSCRIPCI\u00d3N<\/b> <\/span>23 de febrero de 2023, 15 hrs.<br \/>\n<\/span><\/strong><\/p>\n<p>Adquirir\u00e1s los conocimientos te\u00f3ricos necesarios para conseguir fotograf\u00edas de calidad profesional.<br \/>\nSe abordar\u00e1n los diferentes g\u00e9neros fotogr\u00e1ficos y experimentar\u00e1s de manera t\u00e9cnica y conceptual las \u00e1reas de fotograf\u00eda de producto, retrato y narrativa documental.<br \/>\nRealizar\u00e1s pr\u00e1cticas dentro del aula y en exteriores que te permitir\u00e1n crear un portafolio de trabajo de los g\u00e9neros estudiados. Participar\u00e1s en la preparaci\u00f3n de set y elaboraci\u00f3n de los productos que usar\u00e1s en las sesiones de retrato y producto.<br \/>\nAprender\u00e1s los principios de uso\/manejo de luz natural y artificial (flash y luz continua), lenguaje fotogr\u00e1fico, as\u00ed como el uso de los diferentes tipos de \u00f3ptica.<br \/>\nSe te instruir\u00e1 sobre los aspectos legales que debes conocer como fot\u00f3grafo: derechos de autor, gestiones y contratos<\/p>\n<p>&nbsp;<\/p>\n<hr \/>\n<p><strong>Perfil de ingreso:<\/strong><\/p>\n<p>El aspirante debe tener inter\u00e9s por la fotograf\u00eda, capacidad de observaci\u00f3n y an\u00e1lisis. Pasi\u00f3n y compromiso para el estudio y la producci\u00f3n de im\u00e1genes, adem\u00e1s deber\u00e1n estar interesados en conocer y experimentar las distintas \u00e1reas de la fotograf\u00eda<\/p>\n<p>&nbsp;<\/p>\n<hr \/>\n<p><strong>M\u00f3dulos: <\/strong><\/p>\n<p><strong>Fotograf\u00eda de retrato<\/strong><br \/>\nSe establecer\u00e1n las bases para la correcta realizaci\u00f3n de la fotograf\u00eda de retrato, desde las parte t\u00e9cnica, compositiva y de iluminaci\u00f3n.<\/p>\n<p><strong>Edici\u00f3n digital<\/strong><br \/>\nEn este m\u00f3dulo, se considerar\u00e1 la edici\u00f3n en programas digitales, como una herramienta para potenciar la imagen, se utilizar\u00e1 Photoshop para poder editar y realzar la imagen y todas sus cualidades.<\/p>\n<p><strong>Fotograf\u00eda de producto<\/strong><br \/>\nDurante el curso aprender\u00e1s a realizar una sesi\u00f3n fotogr\u00e1fica exitosa, cubriendo los aspectos de preproducci\u00f3n, concepto creativo, estilizado, ambientaci\u00f3n, iluminaci\u00f3n y postproducci\u00f3n desde casa y con el m\u00ednimo de iluminaci\u00f3n profesional.<\/p>\n<p><strong>Narrativa fotogr\u00e1fica<\/strong><br \/>\nEn este m\u00f3dulo aprender\u00e1s a construir una narraci\u00f3n, utilizando la fotograf\u00eda como medio, aprender\u00e1s las caracter\u00edsticas de la fotograf\u00eda documental y como producto generar\u00e1s tu propia construcci\u00f3n narrativa.<\/p>\n<p><strong>Derechos de autor<\/strong><br \/>\nToda fotograf\u00eda es producto de la intenci\u00f3n del autor, como tal, el cr\u00e9dito y la autor\u00eda son parte fundamental de su uso, en este m\u00f3dulo aprender\u00e1s que elementos definen la autor\u00eda y los derechos que protegen la obra fotogr\u00e1fica.<\/p>\n<p><strong>Formatos de imagen<\/strong><br \/>\nPara finalizar, aprender\u00e1s cuales formatos sirven para definir las caracter\u00edsticas de la fotograf\u00eda, adem\u00e1s aprender\u00e1s sobre montaje fotogr\u00e1fico y como llevar a cabo una exposici\u00f3n, considerando los espacios y formatos adecuados.<\/p>\n<p>&nbsp;<\/p>\n<hr \/>\n<p><strong><span style=\"color: #00c5c5;\">Producto final<\/span><\/strong><\/p>\n<p>A lo largo de este diplomado desarrollar\u00e1s una serie de fotograf\u00edas que conformar\u00e1n un portafolio que incluir\u00e1 los resultados de los m\u00f3dulos cursados.<\/p>\n<hr \/>\n<p><strong><span style=\"color: #00c5c5;\">Requisitos espec\u00edficos<\/span><\/strong><\/p>\n<ul>\n<li>Edad m\u00ednima 14 a\u00f1os<\/li>\n<li>C\u00e1mara digital con controles manuales<\/li>\n<li>Saber utilizar su c\u00e1mara en modo manual y tener conocimientos sobre ISO, velocidad, diafragma y composici\u00f3n fotogr\u00e1fica.<br \/>\n(Equivalente al taller para principiantes)<\/li>\n<li>Contar con una computadora personal con photoshop y manejo de paqueter\u00eda b\u00e1sica, creaci\u00f3n de carpetas y transferencia de archivos.<\/li>\n<\/ul>\n<hr \/>\n<p><span style=\"color: #00c5c5;\"><strong>\u00bfC\u00d3MO ME INSCRIBO?<\/strong><\/span><\/p>\n[\/spb_text_block] [spb_icon_box box_type=\u00bbleft-icon-alt\u00bb icon=\u00bbfa-money\u00bb target=\u00bb_self\u00bb animation=\u00bbnone\u00bb animation_delay=\u00bb0&#8243; icon_color=\u00bb#00c5c5&#8243; bg_color=\u00bb#f0f1f2&#8243; width=\u00bb1\/1&#8243; el_position=\u00bbfirst last\u00bb]\n<p>Haz tu pago con los siguientes datos bancarios: BANAMEX a nombre de Escuela Veracruzana de Cine Luis Bu\u00f1uel SC, No. de cuenta: 1670420, Sucursal 7010, Clabe interbancaria: 002180701016704203<\/p>\n[\/spb_icon_box] [spb_blank_spacer height=\u00bb10px\u00bb width=\u00bb1\/1&#8243; el_position=\u00bbfirst last\u00bb] [spb_icon_box box_type=\u00bbleft-icon-alt\u00bb icon=\u00bbfa-envelope-o\u00bb target=\u00bb_self\u00bb animation=\u00bbnone\u00bb animation_delay=\u00bb0&#8243; icon_color=\u00bb#00c5c5&#8243; bg_color=\u00bb#f0f1f2&#8243; width=\u00bb1\/1&#8243; el_position=\u00bbfirst last\u00bb]\n<p>Una vez realizado el pago es importante que nos env\u00edes a veracruzanadecine@gmail.com, una foto de tu comprobante con buena resoluci\u00f3n, tu nombre completo, tel\u00e9fono y nombre del curso al que ingresas.<\/p>\n<p>&nbsp;<\/p>\n<p style=\"text-align: center;\">[\/spb_icon_box]\n<a class=\"sf-button standard green sf-icon-stroke  sf-button-has-icon\" href=\"https:\/\/veracruzanadecine.com\/inicio\/wp-content\/uploads\/2024\/01\/DiplomadoFoto2024Folleto.pdf\" target=\"_blank\" rel=\"\"><i class=\"ss-download\"><\/i><span class=\"text\">TODO LO QUE NECESITAS SABER<\/span><\/a>\n<p>&nbsp;<\/p>\n<p><strong>ESCUELA VERACRUZANA DE CINE LUIS BU\u00d1UEL<br \/>\n<\/strong><strong>Belisario Dom\u00ednguez no. 31, Centro Hist\u00f3rico<br \/>\n<\/strong><strong>Xalapa, Ver.<br \/>\n<\/strong><strong>Tel. (228) 8 18 68 62<br \/>\n<\/strong><a href=\"http:\/\/veracruzanadecine.com\/inicio\/\"><strong>http:\/\/veracruzanadecine.com\/inicio\/<\/strong><\/a><\/p>\n","protected":false},"excerpt":{"rendered":"<p>[spb_text_block animation=\u00bbnone\u00bb animation_delay=\u00bb0&#8243; padding_vertical=\u00bb0&#8243; padding_horizontal=\u00bb8&#8243; width=\u00bb1\/1&#8243; el_position=\u00bbfirst last\u00bb] INICIO 24 de febrero de 2024 FIN 10 de agosto de 2024 DURACI\u00d3N\u00a06 meses (24 sesiones, 144\u00a0horas totales) SESIONES PRESENCIALES CON CUPO LIMITADO HORARIO \u00a0s\u00e1bados de 9 a 15 hrs. INSCRIPCI\u00d3N\u00a0\u00a0$850.00 PAGO ADELANTADO $500.00 (hasta el 10 de febrero 2024) MENSUALIDAD\u00a0$1900.00 FECHA L\u00cdMITE DE INSCRIPCI\u00d3N 23 de febrero de 2023, 15 hrs. [&hellip;]<\/p>\n","protected":false},"author":1,"featured_media":0,"comment_status":"closed","ping_status":"closed","sticky":false,"template":"","format":"standard","meta":[],"categories":[15,17],"tags":[],"_links":{"self":[{"href":"https:\/\/veracruzanadecine.com\/inicio\/wp-json\/wp\/v2\/posts\/9361"}],"collection":[{"href":"https:\/\/veracruzanadecine.com\/inicio\/wp-json\/wp\/v2\/posts"}],"about":[{"href":"https:\/\/veracruzanadecine.com\/inicio\/wp-json\/wp\/v2\/types\/post"}],"author":[{"embeddable":true,"href":"https:\/\/veracruzanadecine.com\/inicio\/wp-json\/wp\/v2\/users\/1"}],"replies":[{"embeddable":true,"href":"https:\/\/veracruzanadecine.com\/inicio\/wp-json\/wp\/v2\/comments?post=9361"}],"version-history":[{"count":1,"href":"https:\/\/veracruzanadecine.com\/inicio\/wp-json\/wp\/v2\/posts\/9361\/revisions"}],"predecessor-version":[{"id":9369,"href":"https:\/\/veracruzanadecine.com\/inicio\/wp-json\/wp\/v2\/posts\/9361\/revisions\/9369"}],"wp:attachment":[{"href":"https:\/\/veracruzanadecine.com\/inicio\/wp-json\/wp\/v2\/media?parent=9361"}],"wp:term":[{"taxonomy":"category","embeddable":true,"href":"https:\/\/veracruzanadecine.com\/inicio\/wp-json\/wp\/v2\/categories?post=9361"},{"taxonomy":"post_tag","embeddable":true,"href":"https:\/\/veracruzanadecine.com\/inicio\/wp-json\/wp\/v2\/tags?post=9361"}],"curies":[{"name":"wp","href":"https:\/\/api.w.org\/{rel}","templated":true}]}}