{"id":9081,"date":"2023-05-18T15:09:06","date_gmt":"2023-05-18T15:09:06","guid":{"rendered":"https:\/\/veracruzanadecine.com\/inicio\/?p=9081"},"modified":"2023-05-18T15:10:03","modified_gmt":"2023-05-18T15:10:03","slug":"taller-presencial-de-fotografia-creativa","status":"publish","type":"post","link":"https:\/\/veracruzanadecine.com\/inicio\/taller-presencial-de-fotografia-creativa\/","title":{"rendered":"Taller presencial de fotograf\u00eda creativa"},"content":{"rendered":"[spb_text_block animation=\u00bbnone\u00bb animation_delay=\u00bb0&#8243; simplified_controls=\u00bbyes\u00bb custom_css_percentage=\u00bbno\u00bb padding_vertical=\u00bb0&#8243; padding_horizontal=\u00bb0&#8243; margin_vertical=\u00bb0&#8243; border_size=\u00bb0&#8243; border_styling_global=\u00bbdefault\u00bb width=\u00bb1\/1&#8243; el_position=\u00bbfirst last\u00bb]\n<p>&nbsp;<\/p>\n<p class=\"p1\"><strong><span class=\"s1\"><span style=\"color: #00c5c5;\">INICIO: <\/span>27 de mayo\u00a0 2023<br \/>\n<span style=\"color: #00c5c5;\">FIN:\u00a0<\/span> 01 de julio\u00a0 2023<span style=\"color: #00c5c5;\"><br \/>\nDURACI\u00d3N:<\/span> 24<\/span> horas totales, en 6 sesiones de 4 horas\u00a0<\/strong><br \/>\n<strong><span class=\"s1\"><span style=\"color: #00c5c5;\">HORARIO: <\/span>\u00a0 S\u00e1bados de 10-14 hr<\/span>s.<\/strong><br \/>\n<strong><span style=\"color: #00c5c5;\">COSTO:<\/span>\u00a0\u00a0<span class=\"s2\">$1200.00 pesos mexicanos<br \/>\n<span style=\"color: #00c5c5;\">PRONTO PAGO:<\/span> \u00a0$1000.00 pesos mexicanos (hasta el 20 de mayo<\/span><\/strong><strong><span class=\"s2\">\u00a0de 2023)<br \/>\n<\/span><span style=\"color: #00c5c5;\">FECHA L\u00cdMITE DE INSCRIPCI\u00d3N:<\/span><\/strong> 26 de mayo, 15 hrs.<\/p>\n<p>&nbsp;<\/p>\n<p>La presente propuesta es un taller presencial en el que, a trav\u00e9s de seis sesiones de cuatro horas semanales, las y los participantes adquirir\u00e1n conocimientos te\u00f3ricos y pr\u00e1cticos para generar un discurso fotogr\u00e1fico creativo e introspectivo que lleve al logro de una serie de hasta cinco fotograf\u00edas impresas que narren un proyecto personal; vali\u00e9ndose de herramientas visuales para el mejoramiento t\u00e9cnico y autocr\u00edtico.<\/p>\n<p>Se podr\u00e1 trabajar con dispositivos m\u00f3viles como celulares o c\u00e1maras profesionales, pues el taller se enfoca principalmente en la generaci\u00f3n de un discurso fotogr\u00e1fico, sin ignorar las condiciones t\u00e9cnicas, pero priorizando la composici\u00f3n y la narrativa visual.<\/p>\n<p>&nbsp;<\/p>\n<hr \/>\n<p><span style=\"color: #00c5c5;\"><strong>DIRIGIDO A:<\/strong><\/span><\/p>\n<p>P\u00fablico en general de 12 a\u00f1os en adelante con un inter\u00e9s en la producci\u00f3n fotogr\u00e1fica personal.<\/p>\n<p>&nbsp;<\/p>\n<hr \/>\n<p><span style=\"color: #00c5c5;\"><strong>M\u00d3DULOS:<\/strong><\/span><\/p>\n<p><strong>Tema 1: Conoci\u00e9ndonos<\/strong><br \/>\n<strong>Duraci\u00f3n:<\/strong> 4 horas<br \/>\n<strong>Actividades a desarrollar:<\/strong><br \/>\nRueda personal de presentaci\u00f3n, inquietudes, an\u00e1lisis de fotograf\u00edas personales. Tarea (toma de im\u00e1genes)<\/p>\n<p><strong>Tema 2: Mirada y composici\u00f3n<\/strong><br \/>\n<strong>Duraci\u00f3n:<\/strong> 4 horas<br \/>\n<strong>Actividades a desarrollar:<\/strong><br \/>\nRevisi\u00f3n y opini\u00f3n grupal de la tarea encargada.<br \/>\nFundamentos te\u00f3ricos de la composici\u00f3n fotogr\u00e1fica, el punto de inter\u00e9s y discusi\u00f3n de la mirada personal de cada participante mediante an\u00e1lisis participativo y ameno (tarea).<\/p>\n<p>Tema 3: Tema central<br \/>\n<strong>Duraci\u00f3n:<\/strong> 4 horas<br \/>\n<strong>Actividades a desarrollar:<\/strong><br \/>\nAn\u00e1lisis de trabajos de la semana anterior.<br \/>\nEnrute de la propuesta personal y proyecci\u00f3n de fot\u00f3grafas y fot\u00f3grafos destacados (tarea).<\/p>\n<p><strong>Tema 4: Edici\u00f3n de proyecto<\/strong><br \/>\n<strong>Duraci\u00f3n:<\/strong> 4 horas<br \/>\n<strong>Actividades a desarrollar:<\/strong><br \/>\nEdici\u00f3n de imagen digital mediante el programa gratuito Snap seed.<br \/>\nEdici\u00f3n de la serie fotogr\u00e1fica y correcci\u00f3n de errores de lenguaje fotogr\u00e1fico.<br \/>\nTarea final de proyecto.<\/p>\n<p><strong>Tema 5: Proceso final<\/strong><br \/>\n<strong>Duraci\u00f3n:<\/strong> 6 horas<br \/>\n<strong>Actividades a desarrollar:<\/strong><br \/>\nSelecci\u00f3n y orden de las im\u00e1genes que conformar\u00e1n la serie final, preparaci\u00f3n de originales para<br \/>\nimpresi\u00f3n.<br \/>\nAn\u00e1lisis grupal de resultados y opiniones finales<\/p>\n<p>&nbsp;<\/p>\n<hr \/>\n<p><strong>IMPARTIDO POR: : JORGE ACEVEDO OLGU\u00cdN<\/strong><\/p>\n<p>Ciudad de M\u00e9xico (1969)<br \/>\nFot\u00f3grafo, egresado de la Escuela Activa de Fotograf\u00eda. Investigador y curador de muestras fotogr\u00e1ficas hist\u00f3ricas y contempor\u00e1neas. En su trabajo personal destacan proyectos de identidad personal y comunitaria a trav\u00e9s de objetos, vida cotidiana y \u00e1lbumes familiares como pretexto gr\u00e1fico. Fundador y director de la Fototeca de Veracruz (IVEC). Coordinador del proyecto fotogr\u00e1fico Caja de Zapatos\/ Centro de la Imagen. Subdirector del Museo de Arte del Estado de Veracruz. Actualmente trabaja en proyectoseditoriales vinculados al registro gr\u00e1fico de artes pl\u00e1sticas y esc\u00e9nicas.<\/p>\n<p>&nbsp;<\/p>\n<hr \/>\n<p><span style=\"color: #00c5c5;\"><strong>\u00bfC\u00d3MO ME INSCRIBO?<\/strong><\/span><\/p>\n[\/spb_text_block] [spb_icon_box box_type=\u00bbleft-icon-alt\u00bb icon=\u00bbfa-money\u00bb animate_svg=\u00bbno\u00bb target=\u00bb_self\u00bb animation=\u00bbnone\u00bb animation_delay=\u00bb0&#8243; icon_color=\u00bb#00c5c5&#8243; bg_color=\u00bb#f0f1f2&#8243; animated_box_style=\u00bbcoloured\u00bb animated_box_rounded=\u00bbyes\u00bb width=\u00bb1\/1&#8243; el_position=\u00bblast\u00bb]\n<p>Haz tu pago con los siguientes datos bancarios:<br \/>\nBANAMEX a nombre de Escuela Veracruzana<br \/>\nde Cine Luis Bu\u00f1uel SC, No. de cuenta:<br \/>\n1670420, Sucursal 7010, Clabe interbancaria:<br \/>\n002180701016704203<\/p>\n<p>Una vez realizado el pago es importante que<br \/>\nnos env\u00edes a veracruzanadecine@gmail.com, una<br \/>\nfoto de tu comprobante con buena resoluci\u00f3n, tu<br \/>\nnombre completo, tel\u00e9fono y nombre del curso<br \/>\nal que ingresas.<\/p>\n[\/spb_icon_box] [spb_blank_spacer height=\u00bb30px\u00bb width=\u00bb1\/1&#8243; el_position=\u00bbfirst last\u00bb] [spb_text_block animation=\u00bbnone\u00bb animation_delay=\u00bb0&#8243; simplified_controls=\u00bbyes\u00bb custom_css_percentage=\u00bbno\u00bb padding_vertical=\u00bb0&#8243; padding_horizontal=\u00bb0&#8243; margin_vertical=\u00bb0&#8243; border_size=\u00bb0&#8243; border_styling_global=\u00bbdefault\u00bb width=\u00bb1\/1&#8243; el_position=\u00bbfirst last\u00bb]\n<p style=\"text-align: center;\"><a class=\"sf-button standard green sf-icon-stroke  sf-button-has-icon\" href=\"https:\/\/veracruzanadecine.com\/inicio\/wp-content\/uploads\/2023\/05\/TallerFotografiaCreativa2023Folleto.pdf\" target=\"_blank\" rel=\"\"><i class=\"ss-download\"><\/i><span class=\"text\">TODO LO QUE NECESITAS SABER<\/span><\/a>\n[\/spb_text_block]\n","protected":false},"excerpt":{"rendered":"<p>[spb_text_block animation=\u00bbnone\u00bb animation_delay=\u00bb0&#8243; simplified_controls=\u00bbyes\u00bb custom_css_percentage=\u00bbno\u00bb padding_vertical=\u00bb0&#8243; padding_horizontal=\u00bb0&#8243; margin_vertical=\u00bb0&#8243; border_size=\u00bb0&#8243; border_styling_global=\u00bbdefault\u00bb width=\u00bb1\/1&#8243; el_position=\u00bbfirst last\u00bb] &nbsp; INICIO: 27 de mayo\u00a0 2023 FIN:\u00a0 01 de julio\u00a0 2023 DURACI\u00d3N: 24 horas totales, en 6 sesiones de 4 horas\u00a0 HORARIO: \u00a0 S\u00e1bados de 10-14 hrs. COSTO:\u00a0\u00a0$1200.00 pesos mexicanos PRONTO PAGO: \u00a0$1000.00 pesos mexicanos (hasta el 20 de mayo\u00a0de 2023) FECHA L\u00cdMITE DE INSCRIPCI\u00d3N: 26 de [&hellip;]<\/p>\n","protected":false},"author":1,"featured_media":0,"comment_status":"closed","ping_status":"closed","sticky":false,"template":"","format":"standard","meta":[],"categories":[17],"tags":[],"_links":{"self":[{"href":"https:\/\/veracruzanadecine.com\/inicio\/wp-json\/wp\/v2\/posts\/9081"}],"collection":[{"href":"https:\/\/veracruzanadecine.com\/inicio\/wp-json\/wp\/v2\/posts"}],"about":[{"href":"https:\/\/veracruzanadecine.com\/inicio\/wp-json\/wp\/v2\/types\/post"}],"author":[{"embeddable":true,"href":"https:\/\/veracruzanadecine.com\/inicio\/wp-json\/wp\/v2\/users\/1"}],"replies":[{"embeddable":true,"href":"https:\/\/veracruzanadecine.com\/inicio\/wp-json\/wp\/v2\/comments?post=9081"}],"version-history":[{"count":1,"href":"https:\/\/veracruzanadecine.com\/inicio\/wp-json\/wp\/v2\/posts\/9081\/revisions"}],"predecessor-version":[{"id":9086,"href":"https:\/\/veracruzanadecine.com\/inicio\/wp-json\/wp\/v2\/posts\/9081\/revisions\/9086"}],"wp:attachment":[{"href":"https:\/\/veracruzanadecine.com\/inicio\/wp-json\/wp\/v2\/media?parent=9081"}],"wp:term":[{"taxonomy":"category","embeddable":true,"href":"https:\/\/veracruzanadecine.com\/inicio\/wp-json\/wp\/v2\/categories?post=9081"},{"taxonomy":"post_tag","embeddable":true,"href":"https:\/\/veracruzanadecine.com\/inicio\/wp-json\/wp\/v2\/tags?post=9081"}],"curies":[{"name":"wp","href":"https:\/\/api.w.org\/{rel}","templated":true}]}}