{"id":7334,"date":"2022-06-29T08:44:09","date_gmt":"2022-06-29T08:44:09","guid":{"rendered":"https:\/\/veracruzanadecine.com\/inicio\/?p=7334"},"modified":"2025-07-08T21:19:12","modified_gmt":"2025-07-08T21:19:12","slug":"taller-de-verano","status":"publish","type":"post","link":"https:\/\/veracruzanadecine.com\/inicio\/taller-de-verano\/","title":{"rendered":"TALLER DE VERANO"},"content":{"rendered":"[spb_text_block animation=\u00bbnone\u00bb animation_delay=\u00bb0&#8243; simplified_controls=\u00bbyes\u00bb custom_css_percentage=\u00bbno\u00bb padding_vertical=\u00bb0&#8243; padding_horizontal=\u00bb0&#8243; margin_vertical=\u00bb0&#8243; border_size=\u00bb0&#8243; border_styling_global=\u00bbdefault\u00bb width=\u00bb1\/1&#8243; el_position=\u00bbfirst last\u00bb]\n<p>&nbsp;<\/p>\n<p class=\"p1\"><strong><span class=\"s1\"><span style=\"color: #00c5c5;\">INICIO: <\/span>01 de agosto de 2022<br \/>\n<span style=\"color: #00c5c5;\">FIN:\u00a0<\/span> 05 de agosto de\u00a0 2022<span style=\"color: #00c5c5;\"><br \/>\nDURACI\u00d3N:<\/span> 30 <\/span>horas totales, en 5 sesiones de 6 horas\u00a0<\/strong><br \/>\n<strong><span class=\"s1\"><span style=\"color: #00c5c5;\">HORARIO: <\/span>\u00a0 sLunes a viernes de\u00a0 de 09:00 &#8211; 15:00 hr<\/span>s.<br \/>\n<span style=\"color: #00c5c5;\">EDADES:<\/span>\u00a0 8-12 a\u00f1os<\/strong><br \/>\n<strong><span style=\"color: #00c5c5;\">COSTO:<\/span>\u00a0\u00a0<span class=\"s2\">$1200.00 pesos mexicanos<br \/>\n<span style=\"color: #00c5c5;\">PRONTO PAGO:<\/span> \u00a0$1000.00 pesos mexicanos hasta el 16 de julio de 2022<br \/>\n<\/span><span style=\"color: #00c5c5;\">FECHA L\u00cdMITE DE INSCRIPCI\u00d3N:<\/span><\/strong> 30 de julio de 2022, 15 hrs.<\/p>\n<p>&nbsp;<\/p>\n<p>Un taller dirigido al p\u00fablico infantil, interesados en la elaboraci\u00f3n de historias, las cuales iniciar\u00e1n a trav\u00e9s del cuento y la creaci\u00f3n de personajes, hasta que cobren vida en la fotograf\u00eda y la animaci\u00f3n.<\/p>\n<p>&nbsp;<\/p>\n<hr \/>\n<p><span style=\"color: #00c5c5;\"><strong>DIRIGIDO A:<\/strong><\/span><br \/>\nNi\u00f1as y ni\u00f1os entre los 8 y los 12 a\u00f1os.<\/p>\n<p>&nbsp;<\/p>\n<hr \/>\n<p><span style=\"color: #00c5c5;\"><strong>PRODUCTO FINAL DEL TALLER:<br \/>\n<\/strong><\/span><\/p>\n<p>Una animaci\u00f3n individual que har\u00e1 uso de las pr\u00e1cticas, historias y personajes creados en el transcurso del taller.<\/p>\n<p>&nbsp;<\/p>\n<hr \/>\n<p><strong><span style=\"color: #00c5c5;\">M\u00d3DULOS<\/span><\/strong><\/p>\n<p><strong>CUENTO:<\/strong><br \/>\nEl arte de contar historias es incre\u00edble. A todos nos gusta una buena aventura o un intrigante misterio, y la clave est\u00e1 muchas veces en los personajes que nos fascinan, conmueven o desaf\u00edan. Por ello, durante este taller empezamos imaginando una narraci\u00f3n y el dise\u00f1o de sus personajes.<\/p>\n<p><strong>FOTOGRAF\u00cdA:<\/strong><br \/>\nEn el m\u00f3dulo de fotograf\u00eda los participantes van a aprender a iluminar la escena que est\u00e1n creando por escrito, aqu\u00ed veremos como usar la luz y el color para apoyar la narraci\u00f3n de su historia, c\u00f3mo usar la c\u00e1mara que tengan a la mano para preparar la iluminaci\u00f3n de sus escenas, dejando listo el material para que puedan trabajar en la clase de animaci\u00f3n.<\/p>\n<p><strong>ANIMACI\u00d3N:<\/strong><br \/>\nA trav\u00e9s del Stop motion, una t\u00e9cnica de producci\u00f3n que nos ayuda a crear animaciones que aparentan el movimiento de elementos est\u00e1ticos, podremos desarrollar nuestra historia en video.<\/p>\n<p>&nbsp;<\/p>\n<hr \/>\n<p><span style=\"color: #00c5c5;\"><strong>IMPARTIDO POR:\u00a0\u00a0<\/strong><\/span><\/p>\n<p><span style=\"color: #000000;\"><strong>ANA VALDERRAMA:<\/strong><br \/>\nEs promotora de la lectura y docente, ha impartido talleres y capacitaciones para la Universidad Intercultural de la UV, el Ivec, el Inecol, Ciesas Golfo, la Sogem, Instituto Realia (Xalapa), Chicago After Schools Programs, Fundaci\u00f3n McArthur y Rockefeller(Chicago). Actualmente dirige el Proyecto Aves y Moras, el cual fue apoyado por el est\u00edmulo a Proyectos Culturales y de Coinversi\u00f3n del Fonca 2016. Ha sido beneficiada por el est\u00edmulo J\u00f3venes Creadores en tres ocasiones y ha colaborado en varias publicaciones y proyectos culturales, programas de radio, obras de teatro, cine y edici\u00f3n de libros.<\/span><\/p>\n<p><strong>MARIO NAVARRETE:<\/strong><br \/>\nEgresado de la facultad de artes pl\u00e1sticas en opci\u00f3n gr\u00e1fica, trabaj\u00f3 con la Orquesta Sinf\u00f3nica de Xalapa implementando la primera imagen corporativa de la misma. Tambi\u00e9n ha trabajado en animaci\u00f3n digital como director de arte y fue productor para un canal de televisi\u00f3n a nivel nacional.<br \/>\nSu inter\u00e9s por la fotograf\u00eda fue desde muy peque\u00f1o en diversos talleres libres y se complement\u00f3 en la facultad de arte. Trabaj\u00f3 como fot\u00f3grafo invitado en eventos como Fashion Week M\u00e9xico y Nuestra Belleza. Ha editado libros de arte para el gobierno del estado de Veracruz y preparado las fotograf\u00edas de las campa\u00f1as oficiales.<br \/>\nEs Maestro en estudios sobre el arte, habiendo realizado una tesis con el tema de la iluminaci\u00f3n en tres periodos de la historia del arte. Cuenta con cinco especialidades en disciplinas de bellas artes y una en pedagog\u00eda del arte. Tiene m\u00e1sde 7 a\u00f1os impartiendo clases de fotograf\u00eda y manipulaci\u00f3n de imagen en diversas instituciones de nivel universitario.<\/p>\n<p>&nbsp;<\/p>\n<p><strong>JOS\u00c9 RAM\u00d3N AGUILAR L\u00d3PEZ:<\/strong><br \/>\nCreador audiovisual, egresado de la Universidad de Xalapa (UX) en la licenciatura de ciencias y t\u00e9cnicas de la comunicaci\u00f3n con especialidad en guionismo y direcci\u00f3n cinematogr\u00e1fica por parte de la Asociaci\u00f3n mexicana de cineastas (AMCI). Posee experiencia como editor, director y guionista en cortometrajes y videoclips, adem\u00e1s de fungir como asesor t\u00e9cnico en transmisiones de teatro por internet.<\/p>\n<p>&nbsp;<\/p>\n<hr \/>\n<p>&nbsp;<\/p>\n<p><span style=\"color: #00c5c5;\"><strong>\u00bfC\u00d3MO ME INSCRIBO?<\/strong><\/span><\/p>\n[\/spb_text_block] [spb_icon_box box_type=\u00bbleft-icon-alt\u00bb icon=\u00bbfa-money\u00bb animate_svg=\u00bbno\u00bb target=\u00bb_self\u00bb animation=\u00bbnone\u00bb animation_delay=\u00bb0&#8243; icon_color=\u00bb#00c5c5&#8243; bg_color=\u00bb#f0f1f2&#8243; animated_box_style=\u00bbcoloured\u00bb animated_box_rounded=\u00bbyes\u00bb width=\u00bb1\/1&#8243; el_position=\u00bblast\u00bb]\n<p>Haz tu pago con los siguientes datos bancarios: BANAMEX a nombre de Escuela Veracruzana de Cine Luis Bu\u00f1uel SC, No. de cuenta: 1670420, Sucursal 7010, Clabe interbancaria: 002180701016704203<\/p>\n<p>Una vez realizado el pago es importante que nos env\u00edes a veracruzanadecine@gmail.com, una foto de tu comprobante con buena resoluci\u00f3n, tu nombre completo, tel\u00e9fono y nombre del curso al que ingresas.<\/p>\n[\/spb_icon_box] [spb_blank_spacer height=\u00bb30px\u00bb width=\u00bb1\/1&#8243; el_position=\u00bbfirst last\u00bb] [spb_text_block animation=\u00bbnone\u00bb animation_delay=\u00bb0&#8243; simplified_controls=\u00bbyes\u00bb custom_css_percentage=\u00bbno\u00bb padding_vertical=\u00bb0&#8243; padding_horizontal=\u00bb0&#8243; margin_vertical=\u00bb0&#8243; border_size=\u00bb0&#8243; border_styling_global=\u00bbdefault\u00bb width=\u00bb1\/1&#8243; el_position=\u00bbfirst last\u00bb]\n<p style=\"text-align: center;\"><a class=\"sf-button standard green sf-icon-stroke  sf-button-has-icon\" href=\"https:\/\/veracruzanadecine.com\/inicio\/wp-content\/uploads\/2022\/06\/TallerDeVeranoFolleto.pdf\" target=\"_blank\" rel=\"\"><i class=\"ss-download\"><\/i><span class=\"text\">TODO LO QUE NECESITAS SABER<\/span><\/a>\n<p>&nbsp;<\/p>\n<p>&nbsp;<\/p>\n<p>&nbsp;<\/p>\n<p><b>\u00a0<\/b><\/p>\n[\/spb_text_block]\n<p>&nbsp;<\/p>\n<p>&nbsp;<\/p>\n<p>&nbsp;<\/p>\n","protected":false},"excerpt":{"rendered":"<p>[spb_text_block animation=\u00bbnone\u00bb animation_delay=\u00bb0&#8243; simplified_controls=\u00bbyes\u00bb custom_css_percentage=\u00bbno\u00bb padding_vertical=\u00bb0&#8243; padding_horizontal=\u00bb0&#8243; margin_vertical=\u00bb0&#8243; border_size=\u00bb0&#8243; border_styling_global=\u00bbdefault\u00bb width=\u00bb1\/1&#8243; el_position=\u00bbfirst last\u00bb] &nbsp; INICIO: 01 de agosto de 2022 FIN:\u00a0 05 de agosto de\u00a0 2022 DURACI\u00d3N: 30 horas totales, en 5 sesiones de 6 horas\u00a0 HORARIO: \u00a0 sLunes a viernes de\u00a0 de 09:00 &#8211; 15:00 hrs. EDADES:\u00a0 8-12 a\u00f1os COSTO:\u00a0\u00a0$1200.00 pesos mexicanos PRONTO PAGO: \u00a0$1000.00 pesos mexicanos hasta el [&hellip;]<\/p>\n","protected":false},"author":1,"featured_media":0,"comment_status":"closed","ping_status":"closed","sticky":false,"template":"","format":"standard","meta":[],"categories":[15,17],"tags":[],"_links":{"self":[{"href":"https:\/\/veracruzanadecine.com\/inicio\/wp-json\/wp\/v2\/posts\/7334"}],"collection":[{"href":"https:\/\/veracruzanadecine.com\/inicio\/wp-json\/wp\/v2\/posts"}],"about":[{"href":"https:\/\/veracruzanadecine.com\/inicio\/wp-json\/wp\/v2\/types\/post"}],"author":[{"embeddable":true,"href":"https:\/\/veracruzanadecine.com\/inicio\/wp-json\/wp\/v2\/users\/1"}],"replies":[{"embeddable":true,"href":"https:\/\/veracruzanadecine.com\/inicio\/wp-json\/wp\/v2\/comments?post=7334"}],"version-history":[{"count":4,"href":"https:\/\/veracruzanadecine.com\/inicio\/wp-json\/wp\/v2\/posts\/7334\/revisions"}],"predecessor-version":[{"id":10359,"href":"https:\/\/veracruzanadecine.com\/inicio\/wp-json\/wp\/v2\/posts\/7334\/revisions\/10359"}],"wp:attachment":[{"href":"https:\/\/veracruzanadecine.com\/inicio\/wp-json\/wp\/v2\/media?parent=7334"}],"wp:term":[{"taxonomy":"category","embeddable":true,"href":"https:\/\/veracruzanadecine.com\/inicio\/wp-json\/wp\/v2\/categories?post=7334"},{"taxonomy":"post_tag","embeddable":true,"href":"https:\/\/veracruzanadecine.com\/inicio\/wp-json\/wp\/v2\/tags?post=7334"}],"curies":[{"name":"wp","href":"https:\/\/api.w.org\/{rel}","templated":true}]}}