{"id":5827,"date":"2021-09-24T17:46:14","date_gmt":"2021-09-24T17:46:14","guid":{"rendered":"https:\/\/veracruzanadecine.com\/inicio\/?p=5827"},"modified":"2021-09-24T22:06:16","modified_gmt":"2021-09-24T22:06:16","slug":"taller-online-de-apreciacion-cinematografica-aplicada-al-terror-y-la-fantasia","status":"publish","type":"post","link":"https:\/\/veracruzanadecine.com\/inicio\/taller-online-de-apreciacion-cinematografica-aplicada-al-terror-y-la-fantasia\/","title":{"rendered":"Taller Online de Apreciaci\u00f3n Cinematogr\u00e1fica Aplicada al Terror y la Fantas\u00eda"},"content":{"rendered":"[spb_text_block animation=\u00bbnone\u00bb animation_delay=\u00bb0&#8243; simplified_controls=\u00bbyes\u00bb custom_css_percentage=\u00bbno\u00bb padding_vertical=\u00bb0&#8243; padding_horizontal=\u00bb0&#8243; margin_vertical=\u00bb0&#8243; border_size=\u00bb0&#8243; border_styling_global=\u00bbdefault\u00bb width=\u00bb1\/1&#8243; el_position=\u00bbfirst last\u00bb]\n<p>&nbsp;<\/p>\n<p class=\"p1\"><strong><span class=\"s1\"><span style=\"color: #00c5c5;\">INICIO: <\/span>11 de octubre de 2021<br \/>\n<span style=\"color: #00c5c5;\">FIN:\u00a0<\/span> 8 de noviembre de\u00a0 2021<span style=\"color: #00c5c5;\"><br \/>\nDURACI\u00d3N:<\/span> 16<\/span> horas totales, en 8 sesiones de 2 horas\u00a0<\/strong><br \/>\n<strong><span class=\"s1\"><span style=\"color: #00c5c5;\">HORARIO: <\/span>\u00a0 Lunes y viernes\u00a0 de 18:00 &#8211; 20:00 hr<\/span>s.<br \/>\n<\/strong><strong><span style=\"color: #00c5c5;\">COSTO: <span style=\"color: #000000;\">$800 pesos mexicanos<\/span><\/span><span class=\"s2\"><br \/>\n<\/span><span style=\"color: #00c5c5;\">FECHA L\u00cdMITE DE INSCRIPCI\u00d3N:<\/span><\/strong> 8 de octubre de 2021, 15 hrs.<\/p>\n<p>El presente taller es un acercamiento al mundo del cine fant\u00e1stico y de terror a partir del an\u00e1lisis de las etapas que cada campo desarrolla (periodos, obras, personajes y ambientes) en el contexto nacional e internacional. De este modo se busca generar una cultura f\u00edlmica con el conocimiento de los principales elementos narrativos, compositivos y t\u00e9cnicos.<\/p>\n<p>&nbsp;<\/p>\n<hr \/>\n<p><span style=\"color: #00c5c5;\"><strong>DIRIGIDO A:<\/strong><\/span><\/p>\n<p>Estudiantes y\/o profesionistas de medios audiovisuales, cine, comunicaci\u00f3n y artes visuales, como de cualquier \u00e1rea de humanidades, gesti\u00f3n cultural e interesados en el an\u00e1lisis del cine de terror.<\/p>\n<p>&nbsp;<\/p>\n<hr \/>\n<p><strong>Sesi\u00f3n 1:<\/strong><br \/>\n<strong>Contexto del cine fant\u00e1stico y de terror.<\/strong><br \/>\n<strong>Duraci\u00f3n: 4 horas (2 sesiones)<\/strong><br \/>\n<strong>Actividades a desarrollar:<\/strong><br \/>\n-Mapa mental de la g\u00e9nesis y desarrollo del cine de terror y fantas\u00eda<br \/>\nTarea: Estructura arquet\u00edpica y dise\u00f1o narrativo<\/p>\n<p><strong>Sesi\u00f3n 2:<\/strong><br \/>\n<strong>Transversalidad literaria del terror y la fantas\u00eda<\/strong><br \/>\n<strong>Duraci\u00f3n: 4 horas (2 sesiones)<\/strong><br \/>\n<strong>Actividades a desarrollar:<\/strong><br \/>\n-Realizaci\u00f3n de una premisa fant\u00e1stica y de terror.<br \/>\nTarea:<br \/>\nPremisa, sinopsis corta y larga de una historia<br \/>\nEl storyline<\/p>\n<p><strong>Sesi\u00f3n 3:<\/strong><br \/>\n<strong>De M\u00e9li\u00e8s a Lang<\/strong><br \/>\n<strong>Duraci\u00f3n: 4 horas (2 sesiones)<\/strong><br \/>\n<strong>Actividades a desarrollar:<\/strong><br \/>\n-An\u00e1lisis de secuencias sci-fi y de terror<br \/>\n-Cuadro comparativo de personajes, objetos, espacios y stimmung<br \/>\nTarea: Realizaci\u00f3n de un stop trick o stop substitution.<\/p>\n<p><strong>Sesi\u00f3n 4:<\/strong><br \/>\n<strong>De Sinbad a Indiana Jones<\/strong><br \/>\n<strong>Duraci\u00f3n: 4 horas (2 sesiones)<\/strong><br \/>\n<strong>Actividades a desarrollar:<\/strong><br \/>\n-El cine de aventuras y los cuentos de hadas rom\u00e1nticos<br \/>\nTarea: An\u00e1lisis de personajes de acuerdo a la caracterizaci\u00f3n, verdadera personalidad, deseo y motivaci\u00f3n.<\/p>\n<p><strong>Sesi\u00f3n 5:<\/strong><br \/>\n<strong>Concepciones fant\u00e1stico terror\u00edficas de orienteoccidente<\/strong><br \/>\n<strong>Duraci\u00f3n: 4 horas (2 sesiones)<\/strong><br \/>\n<strong>Actividades a desarrollar:<\/strong><br \/>\n-Contextos, historias y personajes<br \/>\nTarea: Tr\u00e1iler<\/p>\n<p>&nbsp;<\/p>\n<hr \/>\n<p><span style=\"color: #00c5c5;\"><strong>PRODUCTO FINAL DEL TALLER:<\/strong><\/span><\/p>\n<p>Tr\u00e1iler y\/o proyecto de an\u00e1lisis te\u00f3rico-pr\u00e1ctico<\/p>\n<p>&nbsp;<\/p>\n<hr \/>\n<p><span style=\"color: #00c5c5;\"><strong>IMPARTIDO POR: EBER GARC\u00cdA GARC\u00cdA <\/strong><\/span><\/p>\n<p>(Xalapa, 1982).<br \/>\nMaestro en Arte Cinematogr\u00e1fico por el Instituto de Cultura Casa Lamm (2014-2016) y Licenciado en Ciencias y T\u00e9cnicas de la Comunicaci\u00f3n por la Universidad de Xalapa (2001-2005). Fue Director del \u00c1gora de la Ciudad (2018) y Director General de Cinematograf\u00eda del Estado donde form\u00f3 parte de la Red Latinoamericana de Comisiones F\u00edlmicas y de la Red Nacional de Festivales Cinematogr\u00e1ficos (2010-2013). Asimismo fue becario del Programa de Est\u00edmulo a la Creaci\u00f3n al Desarrollo Art\u00edstico del Instituto Veracruzano de Cultura (2008), productor asociado del filme Tlamatinimes. Los Hijos del Rayo (2018) de Andr\u00e9 Andrade y de The Man. At The Gates of the Rising Sun (2018) de Gabriel Doram\u00e9, con quien actualmente tambi\u00e9n participa en la producci\u00f3n del largometraje en proceso Saving My Imaginary Friend (2021), cuya propuesta creativa y audiovisual form\u00f3 parte del MICA Meetings de IMCINE y Premios F\u00e9nix obteniendo el Premio al desarrollo 2017 en la Cineteca Nacional.<\/p>\n<p>&nbsp;<\/p>\n<hr \/>\n<p>&nbsp;<\/p>\n<p><span style=\"color: #00c5c5;\"><strong>\u00bfC\u00d3MO ME INSCRIBO?<\/strong><\/span><\/p>\n[\/spb_text_block] [spb_icon_box box_type=\u00bbleft-icon-alt\u00bb icon=\u00bbfa-money\u00bb animate_svg=\u00bbno\u00bb target=\u00bb_self\u00bb animation=\u00bbnone\u00bb animation_delay=\u00bb0&#8243; icon_color=\u00bb#00c5c5&#8243; bg_color=\u00bb#f0f1f2&#8243; animated_box_style=\u00bbcoloured\u00bb animated_box_rounded=\u00bbyes\u00bb width=\u00bb1\/1&#8243; el_position=\u00bblast\u00bb]\n<p>Haz tu pago con los siguientes datos bancarios: BANAMEX a nombre de Escuela Veracruzana de Cine Luis Bu\u00f1uel SC, No. de cuenta: 1670420, Sucursal 7010, Clabe interbancaria: 002180701016704203<\/p>\n<p>Una vez realizado el pago es importante que nos env\u00edes a veracruzanadecine@gmail.com, una foto de tu comprobante con buena resoluci\u00f3n, tu nombre completo, tel\u00e9fono y nombre del curso al que ingresas.<\/p>\n[\/spb_icon_box] [spb_blank_spacer height=\u00bb30px\u00bb width=\u00bb1\/1&#8243; el_position=\u00bbfirst last\u00bb] [spb_text_block animation=\u00bbnone\u00bb animation_delay=\u00bb0&#8243; simplified_controls=\u00bbyes\u00bb custom_css_percentage=\u00bbno\u00bb padding_vertical=\u00bb0&#8243; padding_horizontal=\u00bb0&#8243; margin_vertical=\u00bb0&#8243; border_size=\u00bb0&#8243; border_styling_global=\u00bbdefault\u00bb width=\u00bb1\/1&#8243; el_position=\u00bbfirst last\u00bb]\n<p style=\"text-align: center;\"><a class=\"sf-button standard green sf-icon-stroke  sf-button-has-icon\" href=\"https:\/\/veracruzanadecine.com\/inicio\/wp-content\/uploads\/2021\/09\/Taller-Fantasia-Terror-Folleto.pdf\" target=\"_blank\" rel=\"\"><i class=\"ss-download\"><\/i><span class=\"text\">TODO LO QUE NECESITAS SABER<\/span><\/a>\n<p>&nbsp;<\/p>\n<p>&nbsp;<\/p>\n<p>&nbsp;<\/p>\n<p><b>\u00a0<\/b><\/p>\n[\/spb_text_block]\n<p>&nbsp;<\/p>\n<p>&nbsp;<\/p>\n<p>&nbsp;<\/p>\n","protected":false},"excerpt":{"rendered":"<p>[spb_text_block animation=\u00bbnone\u00bb animation_delay=\u00bb0&#8243; simplified_controls=\u00bbyes\u00bb custom_css_percentage=\u00bbno\u00bb padding_vertical=\u00bb0&#8243; padding_horizontal=\u00bb0&#8243; margin_vertical=\u00bb0&#8243; border_size=\u00bb0&#8243; border_styling_global=\u00bbdefault\u00bb width=\u00bb1\/1&#8243; el_position=\u00bbfirst last\u00bb] &nbsp; INICIO: 11 de octubre de 2021 FIN:\u00a0 8 de noviembre de\u00a0 2021 DURACI\u00d3N: 16 horas totales, en 8 sesiones de 2 horas\u00a0 HORARIO: \u00a0 Lunes y viernes\u00a0 de 18:00 &#8211; 20:00 hrs. COSTO: $800 pesos mexicanos FECHA L\u00cdMITE DE INSCRIPCI\u00d3N: 8 de octubre de 2021, 15 [&hellip;]<\/p>\n","protected":false},"author":1,"featured_media":0,"comment_status":"closed","ping_status":"closed","sticky":false,"template":"","format":"standard","meta":[],"categories":[15,17],"tags":[],"_links":{"self":[{"href":"https:\/\/veracruzanadecine.com\/inicio\/wp-json\/wp\/v2\/posts\/5827"}],"collection":[{"href":"https:\/\/veracruzanadecine.com\/inicio\/wp-json\/wp\/v2\/posts"}],"about":[{"href":"https:\/\/veracruzanadecine.com\/inicio\/wp-json\/wp\/v2\/types\/post"}],"author":[{"embeddable":true,"href":"https:\/\/veracruzanadecine.com\/inicio\/wp-json\/wp\/v2\/users\/1"}],"replies":[{"embeddable":true,"href":"https:\/\/veracruzanadecine.com\/inicio\/wp-json\/wp\/v2\/comments?post=5827"}],"version-history":[{"count":2,"href":"https:\/\/veracruzanadecine.com\/inicio\/wp-json\/wp\/v2\/posts\/5827\/revisions"}],"predecessor-version":[{"id":5846,"href":"https:\/\/veracruzanadecine.com\/inicio\/wp-json\/wp\/v2\/posts\/5827\/revisions\/5846"}],"wp:attachment":[{"href":"https:\/\/veracruzanadecine.com\/inicio\/wp-json\/wp\/v2\/media?parent=5827"}],"wp:term":[{"taxonomy":"category","embeddable":true,"href":"https:\/\/veracruzanadecine.com\/inicio\/wp-json\/wp\/v2\/categories?post=5827"},{"taxonomy":"post_tag","embeddable":true,"href":"https:\/\/veracruzanadecine.com\/inicio\/wp-json\/wp\/v2\/tags?post=5827"}],"curies":[{"name":"wp","href":"https:\/\/api.w.org\/{rel}","templated":true}]}}