{"id":5390,"date":"2022-07-05T02:09:13","date_gmt":"2022-07-05T02:09:13","guid":{"rendered":"https:\/\/veracruzanadecine.com\/inicio\/?p=5390"},"modified":"2022-07-06T04:58:56","modified_gmt":"2022-07-06T04:58:56","slug":"luis-bunuel-beca-al-talento","status":"publish","type":"post","link":"https:\/\/veracruzanadecine.com\/inicio\/luis-bunuel-beca-al-talento\/","title":{"rendered":"Luis Bu\u00f1uel Beca al talento"},"content":{"rendered":"<p><strong>La Escuela Veracruzana de Cine Luis Bu\u00f1uel, RVOE: SEV ES\/012\/2012, convoca a j\u00f3venes mexicanos\/as, egresados del nivel medio superior, a postularse para la Beca al talento \u201cLuis Bu\u00f1uel\u201d para ingreso a la Licenciatura en Cinematograf\u00eda de la Escuela Veracruzana de Cine Luis Bu\u00f1uel, ciclo 2022 \u2013 2026.<\/strong><\/p>\n<p>La beca al talento \u201cLuis Bu\u00f1uel\u201d tiene como objetivo el impulsar la formaci\u00f3n de un estudiante que demuestre una excelente formaci\u00f3n acad\u00e9mica as\u00ed como talento en el campo audiovisual. Esta beca cubre el 50% de su colegiatura durante toda la carrera. No incluye pago de inscripci\u00f3n.<\/p>\n<p><strong>Requisitos:<\/strong><br \/>\n\u2022 Edad m\u00ednima 18 a\u00f1os cumplidos<br \/>\n\u2022 Contar con estudios finalizados de bachillerato con promedio m\u00ednimo de 8.5<br \/>\n\u2022 Presentar m\u00ednimo dos evidencias de experiencia previa en el campo audiovisual<br \/>\n\u2022 Conocimiento del idioma ingl\u00e9s nivel b\u00e1sico.<\/p>\n<p>El estudiante deber\u00e1 contar con medios suficientes para subsistir y cumplir con el resto de sus obligaciones econ\u00f3micas escolares, adem\u00e1s de contar con disponibilidad de tiempo completo para sus estudios.<\/p>\n<p><strong>Documentaci\u00f3n a presentar:<\/strong><br \/>\n\u2022 Copia de certificado de bachillerato<br \/>\n\u2022 Curriculum Vitae<br \/>\n\u2022 Carta de motivos para aplicar a la beca al talento \u201cLuis Bu\u00f1uel\u201d (m\u00ednimo de 2 cuartillas).<br \/>\n\u2022 Presentar un portafolio de trabajos art\u00edsticos que justifiquen experiencia en el campo audiovisual.<\/p>\n<p style=\"text-align: center;\"><strong>FECHA DE CONVOCATORIA:<\/strong><br \/>\n<strong>DEL 05 DE JULIO AL 30 DE JULIO<\/strong><\/p>\n<p style=\"text-align: left;\">Deber\u00e1 enviar sus dos evidencias de experiencia previa en el campo audiovisual y la documentaci\u00f3n requerida al correo electr\u00f3nico veracruzanadecine@gmail.com<\/p>\n<a class=\"sf-button standard grey sf-icon-reveal  sf-button-has-icon\" href=\"https:\/\/veracruzanadecine.com\/inicio\/wp-content\/uploads\/2021\/06\/BecaBunuel2022Folleto.pdf\" target=\"_blank\" rel=\"\"><i class=\"ss-download\"><\/i><span class=\"text\">DESCARGA CONVOCATORIA PDF<\/span><\/a>\n","protected":false},"excerpt":{"rendered":"<p>La Escuela Veracruzana de Cine Luis Bu\u00f1uel, RVOE: SEV ES\/012\/2012, convoca a j\u00f3venes mexicanos\/as, egresados del nivel medio superior, a postularse para la Beca al talento \u201cLuis Bu\u00f1uel\u201d para ingreso a la Licenciatura en Cinematograf\u00eda de la Escuela Veracruzana de Cine Luis Bu\u00f1uel, ciclo 2022 \u2013 2026. La beca al talento \u201cLuis Bu\u00f1uel\u201d tiene como objetivo el impulsar la formaci\u00f3n [&hellip;]<\/p>\n","protected":false},"author":1,"featured_media":0,"comment_status":"closed","ping_status":"closed","sticky":false,"template":"","format":"standard","meta":[],"categories":[15],"tags":[],"_links":{"self":[{"href":"https:\/\/veracruzanadecine.com\/inicio\/wp-json\/wp\/v2\/posts\/5390"}],"collection":[{"href":"https:\/\/veracruzanadecine.com\/inicio\/wp-json\/wp\/v2\/posts"}],"about":[{"href":"https:\/\/veracruzanadecine.com\/inicio\/wp-json\/wp\/v2\/types\/post"}],"author":[{"embeddable":true,"href":"https:\/\/veracruzanadecine.com\/inicio\/wp-json\/wp\/v2\/users\/1"}],"replies":[{"embeddable":true,"href":"https:\/\/veracruzanadecine.com\/inicio\/wp-json\/wp\/v2\/comments?post=5390"}],"version-history":[{"count":3,"href":"https:\/\/veracruzanadecine.com\/inicio\/wp-json\/wp\/v2\/posts\/5390\/revisions"}],"predecessor-version":[{"id":7382,"href":"https:\/\/veracruzanadecine.com\/inicio\/wp-json\/wp\/v2\/posts\/5390\/revisions\/7382"}],"wp:attachment":[{"href":"https:\/\/veracruzanadecine.com\/inicio\/wp-json\/wp\/v2\/media?parent=5390"}],"wp:term":[{"taxonomy":"category","embeddable":true,"href":"https:\/\/veracruzanadecine.com\/inicio\/wp-json\/wp\/v2\/categories?post=5390"},{"taxonomy":"post_tag","embeddable":true,"href":"https:\/\/veracruzanadecine.com\/inicio\/wp-json\/wp\/v2\/tags?post=5390"}],"curies":[{"name":"wp","href":"https:\/\/api.w.org\/{rel}","templated":true}]}}