{"id":1836,"date":"2015-11-18T12:00:30","date_gmt":"2015-11-18T12:00:30","guid":{"rendered":"http:\/\/veracruzanadecine.com\/inicio\/?p=1836"},"modified":"2016-04-18T20:35:03","modified_gmt":"2016-04-18T20:35:03","slug":"tallerde-fotoperiodismo","status":"publish","type":"post","link":"https:\/\/veracruzanadecine.com\/inicio\/tallerde-fotoperiodismo\/","title":{"rendered":"Taller<BR>de Fotoperiodismo"},"content":{"rendered":"[spb_text_block animation=\u00bbnone\u00bb animation_delay=\u00bb0&#8243; padding_vertical=\u00bb0&#8243; padding_horizontal=\u00bb8&#8243; width=\u00bb1\/1&#8243; el_position=\u00bbfirst last\u00bb]\n<p class=\"p1\"><strong><span class=\"s1\"><span style=\"color: #00c5c5;\">INICIO <\/span>18\u00a0de abril de 2016\u00a0<span style=\"color: #00c5c5;\"><br \/>\nDURACI\u00d3N<\/span>\u00a036<\/span>\u00a0horas totales<\/strong><br \/>\n<strong><span class=\"s1\"><span style=\"color: #00c5c5;\">HORARIO<\/span>\u00a0<\/span><span class=\"s1\">Lu<\/span>nes, mi\u00e9rcoles y viernes de 16 a 20 horas.<\/strong><br \/>\n<strong><span style=\"color: #00c5c5;\">COSTO\u00a0<\/span><\/strong><b>$1800.00<\/b><strong><span class=\"s2\"><br \/>\n<strong><span style=\"color: #00c5c5;\">PAGO ADELANTADO\u00a0<\/span><\/strong><\/span><\/strong><b>(hasta el 2 de abril): $1500.00<\/b><strong><span class=\"s2\"><strong><br \/>\n<span style=\"color: #00c5c5;\">FECHA L\u00cdMITE<\/span>\u00a016 de abril 2016<br \/>\n<strong><span class=\"s2\"><strong><span style=\"color: #00c5c5;\">MATERIAL\u00a0<\/span><\/strong><\/span><\/strong><\/strong><\/span>C\u00e1mara reflex DCLR<\/strong><\/p>\n<p class=\"p1\">\u2022 Comprender\u00e1s el origen y la proyecci\u00f3n del fotoperiodismo.<br \/>\n\u2022 Adquirir\u00e1s conocimientos acerca del quehacer en los medios y c\u00f3mo realizar\u00a0un mejor trabajo de campo.<br \/>\n\u2022 Aplicar\u00e1s t\u00e9cnicas dentro y fuera del aula.<br \/>\n\u2022 Desarrollar\u00e1s el uso de medidas de seguridad al realizarlo.<\/p>\n<hr \/>\n<p><strong><span class=\"s1\">Imparte <\/span><\/strong> <span style=\"color: #00c5c5;\"><strong>Vietnam Garc\u00eda<\/strong><\/span>, periodista. Ha fungido como fotoperiodista en diversos medios\u00a0impresos entre los que destacan la cobertura del conflicto armado en Chiapas en 1994,\u00a0posteriormente ha realizado direcci\u00f3n de t\u00e9sis sobre el quehacer fotogr\u00e1fico. Est\u00e1\u00a0especializado en nota roja y conflictos armados.<\/p>\n<hr \/>\n<p><span style=\"color: #00c5c5;\"><strong>\u00bfC\u00d3MO ME INSCRIBO?<\/strong><\/span><\/p>\n[\/spb_text_block] [spb_icon_box box_type=\u00bbleft-icon-alt\u00bb icon=\u00bbfa-money\u00bb target=\u00bb_self\u00bb animation=\u00bbnone\u00bb animation_delay=\u00bb0&#8243; icon_color=\u00bb#00c5c5&#8243; bg_color=\u00bb#f0f1f2&#8243; width=\u00bb1\/1&#8243; el_position=\u00bbfirst last\u00bb]\n<p>Haz tu pago (s\u00f3lo en efectivo) en nuestras instalaciones\u00a0de lunes a viernes de 8 a 20 horas\u00a0y s\u00e1bados de 9 a 14 o deposita en:<strong>\u00a0BANAMEX<\/strong> a nombre de <em>JIMENA GUARQUE SOBERON, No. de cuenta: 8159772, Sucursal 7007, Clabe interbancaria: 002853700781597727.<\/em><\/p>\n[\/spb_icon_box] [spb_blank_spacer height=\u00bb10px\u00bb width=\u00bb1\/1&#8243; el_position=\u00bbfirst last\u00bb] [spb_icon_box box_type=\u00bbleft-icon-alt\u00bb icon=\u00bbfa-envelope-o\u00bb target=\u00bb_self\u00bb animation=\u00bbnone\u00bb animation_delay=\u00bb0&#8243; icon_color=\u00bb#00c5c5&#8243; bg_color=\u00bb#f0f1f2&#8243; width=\u00bb1\/1&#8243; el_position=\u00bbfirst last\u00bb]\n<p>Enviarnos un correo con el comprobante de pago a\u00a0<a href=\"mailto:contacto@veracruzanadecine.com\">contacto@veracruzanadecine.com<\/a> con el asunto <strong>\u201cInscripci\u00f3n taller de fotoperiodismo\u201d<\/strong>\u00a0junto con tu nombre completo y n\u00famero telef\u00f3nico.<\/p>\n[\/spb_icon_box] [spb_blank_spacer height=\u00bb10px\u00bb width=\u00bb1\/1&#8243; el_position=\u00bbfirst last\u00bb] [spb_icon_box box_type=\u00bbleft-icon-alt\u00bb icon=\u00bbfa-file-text-o\u00bb target=\u00bb_self\u00bb animation=\u00bbnone\u00bb animation_delay=\u00bb0&#8243; icon_color=\u00bb#00c5c5&#8243; bg_color=\u00bb#f0f1f2&#8243; width=\u00bb1\/1&#8243; el_position=\u00bbfirst last\u00bb]\n<p>Entrega en la recepci\u00f3n de la escuela los siguientes documentos:<br \/>\n&#8211; Copia de una credencial con fotograf\u00eda (INE, credencial escolar)<br \/>\n&#8211; 2 fotograf\u00edas tama\u00f1o infantil.<\/p>\n[\/spb_icon_box] [spb_text_block animation=\u00bbnone\u00bb animation_delay=\u00bb0&#8243; padding_vertical=\u00bb0&#8243; padding_horizontal=\u00bb8&#8243; width=\u00bb1\/1&#8243; el_position=\u00bbfirst last\u00bb]\n<hr \/>\n<p style=\"text-align: center;\"><a class=\"sf-button standard green sf-icon-stroke  sf-button-has-icon\" href=\"http:\/\/veracruzanadecine.com\/inicio\/wp-content\/uploads\/2016\/03\/folleto_taller_fotoperiodismo.pdf \" target=\"_self\" rel=\"\"><i class=\"ss-download\"><\/i><span class=\"text\">TODO LO QUE NECESITAS SABER<\/span><\/a>\n[\/spb_text_block]\n","protected":false},"excerpt":{"rendered":"<p>[spb_text_block animation=\u00bbnone\u00bb animation_delay=\u00bb0&#8243; padding_vertical=\u00bb0&#8243; padding_horizontal=\u00bb8&#8243; width=\u00bb1\/1&#8243; el_position=\u00bbfirst last\u00bb] INICIO 18\u00a0de abril de 2016\u00a0 DURACI\u00d3N\u00a036\u00a0horas totales HORARIO\u00a0Lunes, mi\u00e9rcoles y viernes de 16 a 20 horas. COSTO\u00a0$1800.00 PAGO ADELANTADO\u00a0(hasta el 2 de abril): $1500.00 FECHA L\u00cdMITE\u00a016 de abril 2016 MATERIAL\u00a0C\u00e1mara reflex DCLR \u2022 Comprender\u00e1s el origen y la proyecci\u00f3n del fotoperiodismo. \u2022 Adquirir\u00e1s conocimientos acerca del quehacer en los medios y c\u00f3mo [&hellip;]<\/p>\n","protected":false},"author":1,"featured_media":0,"comment_status":"closed","ping_status":"closed","sticky":false,"template":"","format":"standard","meta":[],"categories":[1],"tags":[],"_links":{"self":[{"href":"https:\/\/veracruzanadecine.com\/inicio\/wp-json\/wp\/v2\/posts\/1836"}],"collection":[{"href":"https:\/\/veracruzanadecine.com\/inicio\/wp-json\/wp\/v2\/posts"}],"about":[{"href":"https:\/\/veracruzanadecine.com\/inicio\/wp-json\/wp\/v2\/types\/post"}],"author":[{"embeddable":true,"href":"https:\/\/veracruzanadecine.com\/inicio\/wp-json\/wp\/v2\/users\/1"}],"replies":[{"embeddable":true,"href":"https:\/\/veracruzanadecine.com\/inicio\/wp-json\/wp\/v2\/comments?post=1836"}],"version-history":[{"count":2,"href":"https:\/\/veracruzanadecine.com\/inicio\/wp-json\/wp\/v2\/posts\/1836\/revisions"}],"predecessor-version":[{"id":1841,"href":"https:\/\/veracruzanadecine.com\/inicio\/wp-json\/wp\/v2\/posts\/1836\/revisions\/1841"}],"wp:attachment":[{"href":"https:\/\/veracruzanadecine.com\/inicio\/wp-json\/wp\/v2\/media?parent=1836"}],"wp:term":[{"taxonomy":"category","embeddable":true,"href":"https:\/\/veracruzanadecine.com\/inicio\/wp-json\/wp\/v2\/categories?post=1836"},{"taxonomy":"post_tag","embeddable":true,"href":"https:\/\/veracruzanadecine.com\/inicio\/wp-json\/wp\/v2\/tags?post=1836"}],"curies":[{"name":"wp","href":"https:\/\/api.w.org\/{rel}","templated":true}]}}