{"id":1533,"date":"2016-02-03T22:23:05","date_gmt":"2016-02-03T22:23:05","guid":{"rendered":"http:\/\/veracruzanadecine.com\/inicio\/?p=1533"},"modified":"2016-02-03T22:24:12","modified_gmt":"2016-02-03T22:24:12","slug":"cesar-gandara-imparte-detras-de-las-series","status":"publish","type":"post","link":"https:\/\/veracruzanadecine.com\/inicio\/cesar-gandara-imparte-detras-de-las-series\/","title":{"rendered":"C\u00e9sar G\u00e1ndara imparte DETR\u00c1S DE LAS SERIES"},"content":{"rendered":"[spb_image image=\u00bb1534&#8243; image_size=\u00bbfull\u00bb frame=\u00bbnoframe\u00bb intro_animation=\u00bbnone\u00bb animation_delay=\u00bb200&#8243; fullwidth=\u00bbno\u00bb lightbox=\u00bbno\u00bb link_target=\u00bb_self\u00bb caption_pos=\u00bbhover\u00bb width=\u00bb1\/2&#8243; el_position=\u00bbfirst\u00bb] [spb_text_block animation=\u00bbnone\u00bb animation_delay=\u00bb0&#8243; padding_vertical=\u00bb0&#8243; padding_horizontal=\u00bb0&#8243; width=\u00bb1\/2&#8243; el_position=\u00bblast\u00bb]\n<p>Narrador, dramaturgo y guionista. Estudi\u00f3 Letras Espa\u00f1olas en Nuevo Le\u00f3n y luego hizo una maestr\u00eda en literatura comparada en Barcelona. Ha trabajado como guionista en telenovelas, comedias, series dram\u00e1ticas de televisi\u00f3n, unitarios y televisi\u00f3n educativa. Entre ellos destaca su trabajo en la serie <span style=\"color: #00c5c5;\"><em>Hasta que te conoc\u00ed<\/em><\/span>\u00a0\u00a0(Biopic sobre Juan Gabriel); la serie hist\u00f3rica <span style=\"color: #00c5c5;\"><em>Felipe \u00c1ngeles<\/em><\/span>, dirigida por Felipe Cazals, para Canal 11; temporada 2 de <span style=\"color: #00c5c5;\"><em>Zona Ruda<\/em><\/span>, transmitida en Televisa, Canal 5. Tambi\u00e9n ha trabajado como guionista de documentales en Clio <span style=\"color: #00c5c5;\">\u201c<em>M\u00e9xico nuevo siglo<\/em>\u201d<\/span>; en televisi\u00f3n educativa; en la teleserie <span style=\"color: #00c5c5;\"><em>El Albergue<\/em><\/span>, transmitida en Cadena 3; en la telenovela <span style=\"color: #00c5c5;\"><em>Bajo el Alma<\/em><\/span>; en unitarios de <span style=\"color: #00c5c5;\"><em>A cada quien su santo<\/em><\/span>, as\u00ed como en diversos cortometrajes y largometrajes. Asimismo, se desempe\u00f1a como docente en la Escuela de <span style=\"color: #00c5c5;\"><em>Escritores de la Sociedad General de Escritores de M\u00e9xico<\/em><\/span> (SOGEM).<\/p>\n[\/spb_text_block]\n","protected":false},"excerpt":{"rendered":"<p>[spb_image image=\u00bb1534&#8243; image_size=\u00bbfull\u00bb frame=\u00bbnoframe\u00bb intro_animation=\u00bbnone\u00bb animation_delay=\u00bb200&#8243; fullwidth=\u00bbno\u00bb lightbox=\u00bbno\u00bb link_target=\u00bb_self\u00bb caption_pos=\u00bbhover\u00bb width=\u00bb1\/2&#8243; el_position=\u00bbfirst\u00bb] [spb_text_block animation=\u00bbnone\u00bb animation_delay=\u00bb0&#8243; padding_vertical=\u00bb0&#8243; padding_horizontal=\u00bb0&#8243; width=\u00bb1\/2&#8243; el_position=\u00bblast\u00bb] Narrador, dramaturgo y guionista. Estudi\u00f3 Letras Espa\u00f1olas en Nuevo Le\u00f3n y luego hizo una maestr\u00eda en literatura comparada en Barcelona. Ha trabajado como guionista en telenovelas, comedias, series dram\u00e1ticas de televisi\u00f3n, unitarios y televisi\u00f3n educativa. Entre ellos destaca su trabajo en [&hellip;]<\/p>\n","protected":false},"author":1,"featured_media":1535,"comment_status":"closed","ping_status":"closed","sticky":false,"template":"","format":"standard","meta":[],"categories":[23],"tags":[],"_links":{"self":[{"href":"https:\/\/veracruzanadecine.com\/inicio\/wp-json\/wp\/v2\/posts\/1533"}],"collection":[{"href":"https:\/\/veracruzanadecine.com\/inicio\/wp-json\/wp\/v2\/posts"}],"about":[{"href":"https:\/\/veracruzanadecine.com\/inicio\/wp-json\/wp\/v2\/types\/post"}],"author":[{"embeddable":true,"href":"https:\/\/veracruzanadecine.com\/inicio\/wp-json\/wp\/v2\/users\/1"}],"replies":[{"embeddable":true,"href":"https:\/\/veracruzanadecine.com\/inicio\/wp-json\/wp\/v2\/comments?post=1533"}],"version-history":[{"count":1,"href":"https:\/\/veracruzanadecine.com\/inicio\/wp-json\/wp\/v2\/posts\/1533\/revisions"}],"predecessor-version":[{"id":1536,"href":"https:\/\/veracruzanadecine.com\/inicio\/wp-json\/wp\/v2\/posts\/1533\/revisions\/1536"}],"wp:featuredmedia":[{"embeddable":true,"href":"https:\/\/veracruzanadecine.com\/inicio\/wp-json\/wp\/v2\/media\/1535"}],"wp:attachment":[{"href":"https:\/\/veracruzanadecine.com\/inicio\/wp-json\/wp\/v2\/media?parent=1533"}],"wp:term":[{"taxonomy":"category","embeddable":true,"href":"https:\/\/veracruzanadecine.com\/inicio\/wp-json\/wp\/v2\/categories?post=1533"},{"taxonomy":"post_tag","embeddable":true,"href":"https:\/\/veracruzanadecine.com\/inicio\/wp-json\/wp\/v2\/tags?post=1533"}],"curies":[{"name":"wp","href":"https:\/\/api.w.org\/{rel}","templated":true}]}}