{"id":11295,"date":"2026-09-04T17:02:19","date_gmt":"2026-09-04T17:02:19","guid":{"rendered":"https:\/\/veracruzanadecine.com\/inicio\/?p=11295"},"modified":"2026-09-04T17:02:19","modified_gmt":"2026-09-04T17:02:19","slug":"taller-de-iniciacion-a-la-fotografia-martes-2","status":"publish","type":"post","link":"https:\/\/veracruzanadecine.com\/inicio\/taller-de-iniciacion-a-la-fotografia-martes-2\/","title":{"rendered":"Taller de Iniciaci\u00f3n a la Fotograf\u00eda | Martes"},"content":{"rendered":"<p><strong>Taller de Iniciaci\u00f3n a la Fotograf\u00eda<\/strong><\/p>\n<p class=\"p1\"><strong><span class=\"s1\"><span style=\"color: #008000;\">Duraci\u00f3n: <\/span><span style=\"color: #000000;\">Del 6\u00a0 de<\/span> octubre al<span style=\"color: #000000;\"> 24 de noviembre de 2026 (2 meses)<\/span><span style=\"color: #00c5c5;\"><br \/>\n<\/span><\/span><\/strong><strong><span class=\"s1\"><span style=\"color: #008000;\">Horario:\u00a0<\/span>\u00a0<\/span><\/strong><span class=\"s1\" style=\"color: #000000;\">martes de 4:00 a 7:00 p. m.<\/span><\/p>\n<p><span style=\"color: #008000;\"><strong>Mensualidad:<\/strong> <\/span>$800 pesos<\/p>\n<p><strong>\u00a1Aparta tu lugar con el 50% de la primera mensualidad!<\/strong> (liquida el resto del primer mes antes de 15 de octubre)<\/p>\n<p class=\"p1\"><strong><span style=\"color: #008000;\">Cupo limitado<\/span><\/strong><\/p>\n<hr \/>\n<p><span style=\"color: #008000;\"><em><strong>MODALIDAD PRESENCIAL<\/strong><\/em><\/span><\/p>\n<p><span style=\"color: #000000;\"><em>El taller se impartir\u00e1 en la Escuela Veracruzana de Cine Luis Bu\u00f1uel, ubicada en la calle Belisario Dom\u00ednguez #31, Centro, Xalapa, Ver.<\/em><\/span><\/p>\n<hr \/>\n<p><span style=\"color: #008000;\"><strong>ACERCA DEL TALLER:<\/strong><\/span><\/p>\n<p>Aprender\u00e1n a usar la c\u00e1mara r\u00e9flex y el modo manual, donde tendr\u00e1n control total de todas las partes de la c\u00e1mara.<\/p>\n<p>El estudiante ser\u00e1 capaz de identificar las partes de la c\u00e1mara, tendr\u00e1 nociones de composici\u00f3n fotogr\u00e1fica y aplicara la t\u00e9cnica de la fotograf\u00eda al momento de realizar fotograf\u00edas para lograr el resultado esperado.<\/p>\n<p>Con ejercicios b\u00e1sicos de composici\u00f3n, ritmo, texturas y dem\u00e1s, podr\u00e1 el alumno comprender de manera general, el uso y manejo de la luz, para convertirla en el medio principal a trav\u00e9s del cual realizamos la captura de una imagen.<\/p>\n<hr \/>\n<p><span style=\"color: #008000;\"><strong>DIRIGIDO A:<\/strong><\/span><\/p>\n<p>P\u00fablico en general a partir de 14 a\u00f1os.<\/p>\n<p><span style=\"color: #008000;\"><strong>IMPARTE:<\/strong> <\/span>Jes\u00fas Tenorio<\/p>\n<hr \/>\n<p><span style=\"color: #008000;\"><strong>REQUERIMENTOS PARA EL\/LA PARTICIPANTE:<\/strong><\/span><\/p>\n<ul>\n<li>C\u00e1mara con controles manuales (la<br \/>\nde tipo r\u00e9flex es la m\u00e1s deseable<br \/>\npara este taller)<\/li>\n<li>Inter\u00e9s genuino por aprender y<br \/>\ndominar las t\u00e9cnicas fotogr\u00e1ficas.<\/li>\n<\/ul>\n<hr \/>\n<p><span style=\"color: #008000;\"><strong>TEMARIO<\/strong><\/span><\/p>\n<ul>\n<li>Introducci\u00f3n a la fotograf\u00eda.<\/li>\n<li>Historia, autores, g\u00e9neros.<\/li>\n<li>Tipos de c\u00e1maras, partes,<br \/>\nmarcas, modelos y tama\u00f1os<br \/>\nde sensores.<\/li>\n<li>\u00bfC\u00f3mo se toma una foto? ISO, diafragma y velocidad.<\/li>\n<li>Tri\u00e1ngulo de exposici\u00f3n.<\/li>\n<li>Distancias focales, \u00f3pticas.<\/li>\n<li>\u00a0Profundidad de campo<\/li>\n<li>Elementos de composici\u00f3n<\/li>\n<li>Lenguaje visual<\/li>\n<li>Lenguaje fotogr\u00e1fico<\/li>\n<li>Elementos de composici\u00f3n<\/li>\n<li>Reglas de composici\u00f3n<\/li>\n<li>Regla de los tercios<\/li>\n<li>Simetr\u00eda din\u00e1mica<\/li>\n<\/ul>\n<p>&nbsp;<\/p>\n<hr \/>\n<p><span style=\"color: #008000;\"><strong>PROCESO DE INSCRIPCI\u00d3N:<\/strong><\/span><\/p>\n<ol>\n<li><strong>Haz tu pago<\/strong>\u00a0con los siguientes datos bancarios (se aceptan transferencias, dep\u00f3sitos en ventanilla, as\u00ed como pagos en efectivo o tarjeta en las instalaciones de la escuela):<\/li>\n<\/ol>\n<ul>\n<li><strong>BANAMEX<\/strong>\u00a0, a nombre de Escuela Veracruzana de Cine Luis Bu\u00f1uel SC<\/li>\n<li><strong>Clabe interbancaria:<\/strong>\u00a00021 8070 1016 7042 03<\/li>\n<\/ul>\n<ol>\n<li>Una vez realizado el pago\u00a0<strong>es importante\u00a0que nos env\u00edes al correo electr\u00f3nico<\/strong>\u00a0<span style=\"color: #008000;\"><strong>veracruzanadecine@gmail.com<\/strong><\/span>, una\u00a0<strong>foto de tu comprobante<\/strong>\u00a0con buena resoluci\u00f3n, tu\u00a0<strong>nombre completo<\/strong>,\u00a0<strong>tel\u00e9fono<\/strong>,\u00a0<strong>nombre y horario del curso al que ingresas<\/strong>.<\/li>\n<\/ol>\n<div><span style=\"color: #008000;\"><em><span class=\"a_GcMg font-feature-liga-off font-feature-clig-off font-feature-calt-off text-decoration-none text-strikethrough-none\">La Escuela Veracruzana de Cine Luis Bu\u00f1uel se reserva el derecho de cancelaci\u00f3n o pr\u00f3rroga de inicio de talleres y diplomados, bas\u00e1ndonos en el qu\u00f3rum necesario para iniciar los mismos. En este sentido, no se realizar\u00e1n reembolsos salvo cancelaci\u00f3n del taller<\/span><span class=\"a_GcMg font-feature-liga-off font-feature-clig-off font-feature-calt-off text-decoration-none text-strikethrough-none\">.<\/span><\/em><\/span><\/div>\n<p>&nbsp;<\/p>\n","protected":false},"excerpt":{"rendered":"<p>Taller de Iniciaci\u00f3n a la Fotograf\u00eda Duraci\u00f3n: Del 6\u00a0 de octubre al 24 de noviembre de 2026 (2 meses) Horario:\u00a0\u00a0martes de 4:00 a 7:00 p. m. Mensualidad: $800 pesos \u00a1Aparta tu lugar con el 50% de la primera mensualidad! (liquida el resto del primer mes antes de 15 de octubre) Cupo limitado MODALIDAD PRESENCIAL El taller se impartir\u00e1 en la [&hellip;]<\/p>\n","protected":false},"author":1,"featured_media":0,"comment_status":"open","ping_status":"open","sticky":false,"template":"","format":"standard","meta":[],"categories":[17],"tags":[],"_links":{"self":[{"href":"https:\/\/veracruzanadecine.com\/inicio\/wp-json\/wp\/v2\/posts\/11295"}],"collection":[{"href":"https:\/\/veracruzanadecine.com\/inicio\/wp-json\/wp\/v2\/posts"}],"about":[{"href":"https:\/\/veracruzanadecine.com\/inicio\/wp-json\/wp\/v2\/types\/post"}],"author":[{"embeddable":true,"href":"https:\/\/veracruzanadecine.com\/inicio\/wp-json\/wp\/v2\/users\/1"}],"replies":[{"embeddable":true,"href":"https:\/\/veracruzanadecine.com\/inicio\/wp-json\/wp\/v2\/comments?post=11295"}],"version-history":[{"count":2,"href":"https:\/\/veracruzanadecine.com\/inicio\/wp-json\/wp\/v2\/posts\/11295\/revisions"}],"predecessor-version":[{"id":11298,"href":"https:\/\/veracruzanadecine.com\/inicio\/wp-json\/wp\/v2\/posts\/11295\/revisions\/11298"}],"wp:attachment":[{"href":"https:\/\/veracruzanadecine.com\/inicio\/wp-json\/wp\/v2\/media?parent=11295"}],"wp:term":[{"taxonomy":"category","embeddable":true,"href":"https:\/\/veracruzanadecine.com\/inicio\/wp-json\/wp\/v2\/categories?post=11295"},{"taxonomy":"post_tag","embeddable":true,"href":"https:\/\/veracruzanadecine.com\/inicio\/wp-json\/wp\/v2\/tags?post=11295"}],"curies":[{"name":"wp","href":"https:\/\/api.w.org\/{rel}","templated":true}]}}