{"id":11287,"date":"2026-08-31T18:08:28","date_gmt":"2026-08-31T18:08:28","guid":{"rendered":"https:\/\/veracruzanadecine.com\/inicio\/?p=11287"},"modified":"2026-08-31T18:09:24","modified_gmt":"2026-08-31T18:09:24","slug":"taller-de-escritura-creativa-octubre-2026","status":"publish","type":"post","link":"https:\/\/veracruzanadecine.com\/inicio\/taller-de-escritura-creativa-octubre-2026\/","title":{"rendered":"TALLER DE ESCRITURA CREATIVA | OCTUBRE 2026"},"content":{"rendered":"<p class=\"p1\"><strong><span class=\"s1\" style=\"color: #993300;\">INICIO:<\/span><\/strong><span class=\"s1\"> 10 <\/span><span class=\"s1\">de octubre<\/span><span class=\"s1\">\u00a0de 2026<\/span><strong><span class=\"s1\"><br \/>\n<span style=\"color: #993300;\">FIN:<\/span> <\/span><\/strong><span class=\"s1\">31 de octubre de 2026<\/span><strong><span class=\"s1\"><br \/>\n<span style=\"color: #993300;\">DURACI\u00d3N:<\/span> <\/span><\/strong><span class=\"s1\">4 sesiones<\/span><br \/>\n<strong><span class=\"s1\"><span style=\"color: #993300;\">HORARIO:\u00a0<\/span>\u00a0<\/span><\/strong><span class=\"s1\">s\u00e1bados de 10 a 14 h<\/span><br \/>\n<strong><span class=\"s2\"><span style=\"color: #993300;\">COSTO:<\/span> <\/span><\/strong><span class=\"s2\">$1,200 pesos<\/span><strong><span class=\"s2\"><br \/>\n<b><span style=\"color: #993300;\">COSTO PRONTO PAGO: <\/span><\/b><\/span><\/strong><span class=\"s2\">$1,000<\/span><span class=\"s2\"> (hasta el 01 de octubre de 2026)<\/span><strong><span class=\"s2\"><br \/>\n<\/span><\/strong><strong><span class=\"s2\"><span style=\"color: #993300;\"><b>FECHA L\u00cdMITE DE INSCRIPCI\u00d3N:<\/b><\/span><\/span><\/strong><span class=\"s2\">09 de octubre de 2026, 15 hrs.<\/span><strong><span class=\"s2\"><br \/>\n<\/span><\/strong><\/p>\n<p><strong>Modalidad presencial<\/strong><\/p>\n<p>&nbsp;<\/p>\n<hr \/>\n<p><span style=\"color: #993300;\"><strong>ACERCA DEL TALLER:<\/strong><\/span><\/p>\n<p>A trav\u00e9s de cuatro sesiones, el taller tiene como objetivo llenar la caja de herramientas (tangibles e intangibles) del proceso de escritura. Desarrollar un proyecto de largo o corto aliento que requiera de ejercicios creativos para su desarrollo. Abordar cuestiones como la inspiraci\u00f3n, la imaginaci\u00f3n, la confianza, estilo y la publicaci\u00f3n de nuestros textos.<\/p>\n<p>Abordar las herramientas creativas, l\u00fadicas y te\u00f3ricas para el desarrollo de las capacidades expresivas y literarias de cada participante.<\/p>\n<p>Al finalizar el taller, se desarrollar\u00e1 una Tertulia literaria para exponer los proyectos literarios de cada participante.<\/p>\n<hr \/>\n<p><span style=\"color: #993300;\"><strong>DIRIGIDO A:<\/strong><\/span><\/p>\n<p>J\u00f3venes, mayores de 14 a\u00f1os, y toda persona con inter\u00e9s literario enfocado a la creaci\u00f3n, con un proyecto en mente: cuento, poes\u00eda, antolog\u00eda, guion, novela, narrativa gr\u00e1fica, podcast, etc.<\/p>\n<hr \/>\n<p><span style=\"color: #993300;\"><strong>HABILIDADES Y DESTREZAS:<\/strong><\/span><\/p>\n<p>Desarrollar las habilidades de comunicaci\u00f3n; abordar los principios b\u00e1sicos de los g\u00e9neros narrativo, po\u00e9tico y dram\u00e1tico; comprender los recursos propios para la correcta ejecuci\u00f3n literaria; fortalecer el pensamiento cr\u00edtico.<\/p>\n<hr \/>\n<p><span style=\"color: #993300;\"><strong>M\u00d3DULOS:<\/strong><\/span><\/p>\n<p><strong>1.<\/strong>\u00a0C\u00f3mo armar un proyecto de escritura creativa.<\/p>\n<p><strong>2.<\/strong>\u00a0Aproximaciones a la narrativa, poes\u00eda, teatro y guion. Ejercicios de escritura creativa.<\/p>\n<p><strong>3.<\/strong>\u00a0Actividades literarias: edici\u00f3n, revisi\u00f3n, publicaci\u00f3n, c\u00edrculos de lectura, presentaciones, convocatorias, concursos, est\u00edmulos a la creaci\u00f3n y nuevas plataformas y medios de comunicaci\u00f3n.<\/p>\n<p><strong>4.<\/strong>\u00a0El arte de escribir: herramientas te\u00f3ricas.<\/p>\n<p><strong>5.<\/strong>\u00a0Escribir es rescribir. Lecturas betas de los escritos creativos.<\/p>\n<p><strong>6.<\/strong>\u00a0Espacio de escritura, disciplina y proyectos de largo aliento.<\/p>\n<hr \/>\n<p><strong><span style=\"color: #993300;\">IMPARTIDO POR:<\/span> ANA VALDERRAMA<\/strong><\/p>\n<p>Ana Valderrama es promotora independiente de la lectura y docente, tambi\u00e9n es parte del programa nacional de mediadores de la lectura, ha impartido talleres y capacitaciones para la Universidad Intercultural de la UV, el Ivec, el Inecol, Ciesas Golfo, la Sogem, Instituto Realia (Xalapa), Chicago After Schools Programs, Fundaci\u00f3n McArthur y Rockefeller (Chicago). Actualmente dirige el Proyecto Aves y Moras, el cual fue apoyado por el est\u00edmulo a Proyectos Culturales y de Coinversi\u00f3n del Fonca 2016. Ha sido beneficiada por el est\u00edmulo J\u00f3venes Creadores en tres ocasiones y ha colaborado en varias publicaciones y proyectos culturales, programas de radio, obras de teatro, cine y edici\u00f3n de libros.<\/p>\n<hr \/>\n<p><span style=\"color: #993300;\"><strong>PROCESO DE INSCRIPCI\u00d3N:<\/strong><\/span><\/p>\n<ol>\n<li><strong>Haz tu pago<\/strong>\u00a0con los siguientes datos bancarios (se aceptan transferencias, dep\u00f3sitos en ventanilla, as\u00ed como pagos en efectivo o tarjeta en las instalaciones de la escuela):<\/li>\n<\/ol>\n<ul>\n<li><strong>BANAMEX<\/strong>\u00a0, a nombre de Escuela Veracruzana de Cine Luis Bu\u00f1uel SC<\/li>\n<li><strong>Clabe interbancaria:<\/strong>\u00a00021 8070 1016 7042 03<\/li>\n<\/ul>\n<ol>\n<li>Una vez realizado el pago\u00a0<strong>es importante\u00a0que nos env\u00edes al correo electr\u00f3nico<\/strong>\u00a0<span style=\"color: #993300;\"><strong>veracruzanadecine@gmail.com<\/strong><\/span>, una\u00a0<strong>foto de tu comprobante<\/strong>\u00a0con buena resoluci\u00f3n, tu\u00a0<strong>nombre completo<\/strong>,\u00a0<strong>tel\u00e9fono<\/strong>,\u00a0<strong>nombre y horario del curso al que ingresas<\/strong>.<\/li>\n<\/ol>\n<div><span style=\"color: #993300;\"><em><span class=\"a_GcMg font-feature-liga-off font-feature-clig-off font-feature-calt-off text-decoration-none text-strikethrough-none\">La Escuela Veracruzana de Cine Luis Bu\u00f1uel se reserva el derecho de cancelaci\u00f3n o pr\u00f3rroga de inicio de talleres y diplomados, bas\u00e1ndonos en el qu\u00f3rum necesario para iniciar los mismos. En este sentido, no se realizar\u00e1n reembolsos salvo cancelaci\u00f3n del taller<\/span><span class=\"a_GcMg font-feature-liga-off font-feature-clig-off font-feature-calt-off text-decoration-none text-strikethrough-none\">.<\/span><\/em><\/span><\/div>\n<div class=\"post-aux-wrap \"><\/div>\n<div class=\"post-aux-wrap \"><\/div>\n","protected":false},"excerpt":{"rendered":"<p>INICIO: 10 de octubre\u00a0de 2026 FIN: 31 de octubre de 2026 DURACI\u00d3N: 4 sesiones HORARIO:\u00a0\u00a0s\u00e1bados de 10 a 14 h COSTO: $1,200 pesos COSTO PRONTO PAGO: $1,000 (hasta el 01 de octubre de 2026) FECHA L\u00cdMITE DE INSCRIPCI\u00d3N:09 de octubre de 2026, 15 hrs. Modalidad presencial &nbsp; ACERCA DEL TALLER: A trav\u00e9s de cuatro sesiones, el taller tiene como objetivo [&hellip;]<\/p>\n","protected":false},"author":1,"featured_media":0,"comment_status":"open","ping_status":"open","sticky":false,"template":"","format":"standard","meta":[],"categories":[17],"tags":[],"_links":{"self":[{"href":"https:\/\/veracruzanadecine.com\/inicio\/wp-json\/wp\/v2\/posts\/11287"}],"collection":[{"href":"https:\/\/veracruzanadecine.com\/inicio\/wp-json\/wp\/v2\/posts"}],"about":[{"href":"https:\/\/veracruzanadecine.com\/inicio\/wp-json\/wp\/v2\/types\/post"}],"author":[{"embeddable":true,"href":"https:\/\/veracruzanadecine.com\/inicio\/wp-json\/wp\/v2\/users\/1"}],"replies":[{"embeddable":true,"href":"https:\/\/veracruzanadecine.com\/inicio\/wp-json\/wp\/v2\/comments?post=11287"}],"version-history":[{"count":2,"href":"https:\/\/veracruzanadecine.com\/inicio\/wp-json\/wp\/v2\/posts\/11287\/revisions"}],"predecessor-version":[{"id":11290,"href":"https:\/\/veracruzanadecine.com\/inicio\/wp-json\/wp\/v2\/posts\/11287\/revisions\/11290"}],"wp:attachment":[{"href":"https:\/\/veracruzanadecine.com\/inicio\/wp-json\/wp\/v2\/media?parent=11287"}],"wp:term":[{"taxonomy":"category","embeddable":true,"href":"https:\/\/veracruzanadecine.com\/inicio\/wp-json\/wp\/v2\/categories?post=11287"},{"taxonomy":"post_tag","embeddable":true,"href":"https:\/\/veracruzanadecine.com\/inicio\/wp-json\/wp\/v2\/tags?post=11287"}],"curies":[{"name":"wp","href":"https:\/\/api.w.org\/{rel}","templated":true}]}}