{"id":10377,"date":"2025-07-23T16:19:09","date_gmt":"2025-07-23T16:19:09","guid":{"rendered":"https:\/\/veracruzanadecine.com\/inicio\/?p=10377"},"modified":"2025-07-23T20:12:13","modified_gmt":"2025-07-23T20:12:13","slug":"taller-de-actuacion-infantil","status":"publish","type":"post","link":"https:\/\/veracruzanadecine.com\/inicio\/taller-de-actuacion-infantil\/","title":{"rendered":"Taller de Actuaci\u00f3n Infantil"},"content":{"rendered":"<p><strong><span class=\"s1\">INICIO:\u00a0<\/span><\/strong><span class=\"s1\">11 de agosto de 2025<\/span><strong><span class=\"s1\"><br \/>\nFIN:\u00a0<\/span><\/strong><span class=\"s1\"> 15<\/span><span class=\"s1\">\u00a0de agosto de\u00a0 2025<\/span><strong><span class=\"s1\"><br \/>\nDURACI\u00d3N: <\/span><\/strong><span class=\"s1\">20<\/span><span class=\"s1\">\u00a0<\/span>horas totales, en 5 sesiones de 4 horas.<br \/>\n<strong><span class=\"s1\">HORARIO:\u00a0 \u00a0<\/span><\/strong><span class=\"s1\">Lunes a viernes de\u00a0 de 10:00 \u2013 14:00 hr<\/span>s.<br \/>\n<strong>INSCRIPCI\u00d3N:\u00a0 <\/strong><span class=\"s2\">$1,200.00 pesos<\/span><strong><span class=\"s2\"><br \/>\nINSCRIPCI\u00d3N PRONTO PAGO:\u00a0<\/span><\/strong><span class=\"s2\"> $1,000.00 pesos (hasta el 2 de agosto de 2025)<\/span><strong><span class=\"s2\"><br \/>\n<\/span>FECHA L\u00cdMITE DE INSCRIPCI\u00d3N:<\/strong> 10 de agosto de 2025, 15 hrs.<\/p>\n<hr \/>\n<p><strong>DIRIGIDO A:<\/strong><br \/>\nNi\u00f1as y ni\u00f1os entre los 7\u00a0 y los 12 a\u00f1os.<\/p>\n<hr \/>\n<p><strong>ACERCA DEL TALLER:\u00a0<\/strong><\/p>\n<p>Este taller est\u00e1 pensado para que ni\u00f1as y ni\u00f1os descubran el mundo de la actuaci\u00f3n de forma l\u00fadica y creativa. A lo largo de cinco d\u00edas, los participantes desarrollar\u00e1n habilidades de expresi\u00f3n corporal, vocal y emocional a trav\u00e9s de juegos, din\u00e1micas grupales y actividades esc\u00e9nicas. El enfoque principal es fomentar la imaginaci\u00f3n, la confianza y el trabajo en equipo, culminando en una peque\u00f1a presentaci\u00f3n grupal donde podr\u00e1n compartir lo aprendido.<\/p>\n<hr \/>\n<p><strong>IMPARTE:<\/strong> ELIAB ARMENTA FONTECILLA<\/p>\n<p>Actor, creador esc\u00e9nico y arquitecto, egresado de la Facultad de Teatro y la Facultad de Arquitectura de la Universidad Veracruzana. Desde 2019 ha trabajado en proyectos teatrales dirigidos a ni\u00f1as, ni\u00f1os y j\u00f3venes, integrando el juego, la expresi\u00f3n corporal y la imaginaci\u00f3n como herramientas fundamentales para la formaci\u00f3n actoral.<\/p>\n<p>Ha colaborado como tallerista y docente en espacios como El Rinc\u00f3n de los T\u00edteres y El Tel\u00f3n, Sala de Artes, impartiendo talleres de actuaci\u00f3n, t\u00edteres y representaci\u00f3n esc\u00e9nica con enfoque l\u00fadico y creativo.<br \/>\nSu pr\u00e1ctica esc\u00e9nica se caracteriza por la exploraci\u00f3n del cuerpo, la narraci\u00f3n y el trabajo colectivo, promoviendo ambientes de aprendizaje donde el arte y el juego impulsan la confianza, la expresi\u00f3n y el trabajo en equipo. Actualmente desarrolla proyectos pedag\u00f3gicos que integran el teatro, el arte del t\u00edtere y la arquitectura como medios para fortalecer la sensibilidad, la presencia esc\u00e9nica y la creatividad en las infancias.<\/p>\n<hr \/>\n<p><strong>\u00bfC\u00f3mo me inscribo?<\/strong><\/p>\n<p>Haz tu pago con los siguientes datos bancarios:\u00a0<strong>BANAMEX<\/strong>\u00a0a nombre de\u00a0<strong>Escuela Veracruzana de Cine Luis Bu\u00f1uel SC<\/strong>, No. de cuenta:\u00a0<strong>1670420<\/strong>, Sucursal\u00a0<strong>7010<\/strong>, Clabe interbancaria:\u00a0<strong>002180701016704203<\/strong><\/p>\n<p>Una vez realizado el pago es importante que nos env\u00edes a\u00a0<a href=\"mailto:veracruzanadecine@gmail.com\">veracruzanadecine@gmail.com<\/a>, una foto de tu comprobante con buena resoluci\u00f3n, tu nombre completo, tel\u00e9fono y nombre del curso al que ingresas.<\/p>\n<div class=\"post-aux-wrap \"><\/div>\n<p><strong>ESCUELA VERACRUZANA DE CINE LUIS BU\u00d1UEL<br \/>\n<\/strong><strong>Belisario Dom\u00ednguez no. 31, Centro Hist\u00f3rico<br \/>\n<\/strong><strong>Xalapa, Ver.<br \/>\n<\/strong><strong>Tel. (228) 8 18 68 62<\/strong><\/p>\n","protected":false},"excerpt":{"rendered":"<p>INICIO:\u00a011 de agosto de 2025 FIN:\u00a0 15\u00a0de agosto de\u00a0 2025 DURACI\u00d3N: 20\u00a0horas totales, en 5 sesiones de 4 horas. HORARIO:\u00a0 \u00a0Lunes a viernes de\u00a0 de 10:00 \u2013 14:00 hrs. INSCRIPCI\u00d3N:\u00a0 $1,200.00 pesos INSCRIPCI\u00d3N PRONTO PAGO:\u00a0 $1,000.00 pesos (hasta el 2 de agosto de 2025) FECHA L\u00cdMITE DE INSCRIPCI\u00d3N: 10 de agosto de 2025, 15 hrs. DIRIGIDO A: Ni\u00f1as y ni\u00f1os [&hellip;]<\/p>\n","protected":false},"author":1,"featured_media":0,"comment_status":"open","ping_status":"open","sticky":false,"template":"","format":"standard","meta":[],"categories":[17],"tags":[],"_links":{"self":[{"href":"https:\/\/veracruzanadecine.com\/inicio\/wp-json\/wp\/v2\/posts\/10377"}],"collection":[{"href":"https:\/\/veracruzanadecine.com\/inicio\/wp-json\/wp\/v2\/posts"}],"about":[{"href":"https:\/\/veracruzanadecine.com\/inicio\/wp-json\/wp\/v2\/types\/post"}],"author":[{"embeddable":true,"href":"https:\/\/veracruzanadecine.com\/inicio\/wp-json\/wp\/v2\/users\/1"}],"replies":[{"embeddable":true,"href":"https:\/\/veracruzanadecine.com\/inicio\/wp-json\/wp\/v2\/comments?post=10377"}],"version-history":[{"count":7,"href":"https:\/\/veracruzanadecine.com\/inicio\/wp-json\/wp\/v2\/posts\/10377\/revisions"}],"predecessor-version":[{"id":10391,"href":"https:\/\/veracruzanadecine.com\/inicio\/wp-json\/wp\/v2\/posts\/10377\/revisions\/10391"}],"wp:attachment":[{"href":"https:\/\/veracruzanadecine.com\/inicio\/wp-json\/wp\/v2\/media?parent=10377"}],"wp:term":[{"taxonomy":"category","embeddable":true,"href":"https:\/\/veracruzanadecine.com\/inicio\/wp-json\/wp\/v2\/categories?post=10377"},{"taxonomy":"post_tag","embeddable":true,"href":"https:\/\/veracruzanadecine.com\/inicio\/wp-json\/wp\/v2\/tags?post=10377"}],"curies":[{"name":"wp","href":"https:\/\/api.w.org\/{rel}","templated":true}]}}